{"id":75271,"date":"2024-07-31T18:56:52","date_gmt":"2024-07-31T21:56:52","guid":{"rendered":"https:\/\/vocesparalelas.com.ar\/sitio\/?p=75271"},"modified":"2024-08-01T00:57:15","modified_gmt":"2024-08-01T03:57:15","slug":"se-conmemoro-86-aniversario-de-gendarmeria-nacional-en-san-juan","status":"publish","type":"post","link":"https:\/\/vocesparalelas.com.ar\/sitio\/se-conmemoro-86-aniversario-de-gendarmeria-nacional-en-san-juan\/","title":{"rendered":"Se conmemor\u00f3 86\u00b0 Aniversario de Gendarmer\u00eda Nacional en San Juan"},"content":{"rendered":"<p>En Plaza de Armas del Escuadr\u00f3n N\u00facleo \u201cSan Juan\u201d, de la Localidad de Marquesado, Departamento Rivadavia se realiz\u00f3 el acto para conmemorar el 86\u00b0 Aniversario de Gendarmer\u00eda Nacional.<\/p>\n<p>Asisti\u00f3 el vicegobernador, Dr. Fabi\u00e1n Mart\u00edn, la ministra de Gobierno, Dra. Laura Palma, el secretario de Estado de Seguridad, Gustavo Federico S\u00e1nchez; la ministra de la Corte, Adriana Garc\u00eda Nieto; director del Servicio Penitenciario, Enrique Delgado; el intendente de Rivadavia, Sergio Miodowsky; jefe de la divisi\u00f3n X de Gendarmer\u00eda, Hern\u00e1n Chamorro, Jefe de Polic\u00eda de San Juan, N\u00e9stor Marcelo \u00c1lvarez; Jefe del RIM 22, Rub\u00e9n Gast\u00f3n Patera.<\/p>\n<p>Para comenzar la actividad se entonaron las estrofas del Himno Nacional Argentino, para luego dar paso al saludo de las autoridades presentes.<\/p>\n<p>A continuaci\u00f3n se realiz\u00f3 la entrega de premios del concurso de la primera edici\u00f3n del concurso de dibujo y poes\u00eda \u201cYo dibujo a mi gendarme\u201d dirigido a los estudiantes de primer, segundo y tercer ciclo de las escuelas apadrinadas por la agrupaci\u00f3n de Gendarmer\u00eda.<\/p>\n<p><strong><span style=\"color: #339966;\">Ganadores del Concurso<\/span><\/strong><\/p>\n<ul>\n<li>Por la Escuela Provincia de Salta resultaron ganadores: Milo Nehuen Ivanchi, Emma Sof\u00eda Mart\u00ednez, Lucas P\u00e1ez, Oriana Fern\u00e1ndez, Jazm\u00edn Gim\u00e9nez e Hilario Jos\u00e9 \u00c1rias D\u00edaz.<\/li>\n<li>Por la Escuela Gendarme Argentino los ganadores fueron: Gael Laciar, Isaias Garc\u00eda, M\u00e1ximo Millicay, Gina Delgado, Brisa Aldeco y P\u00eda Ortiz.<\/li>\n<\/ul>\n<p><img loading=\"lazy\" decoding=\"async\" class=\"alignnone size-full wp-image-75275\" src=\"https:\/\/vocesparalelas.com.ar\/sitio\/wp-content\/uploads\/2024\/08\/GENDAMERIA-02.jpg\" alt=\"\" width=\"800\" height=\"534\" srcset=\"https:\/\/vocesparalelas.com.ar\/sitio\/wp-content\/uploads\/2024\/08\/GENDAMERIA-02.jpg 800w, https:\/\/vocesparalelas.com.ar\/sitio\/wp-content\/uploads\/2024\/08\/GENDAMERIA-02-300x200.jpg 300w, https:\/\/vocesparalelas.com.ar\/sitio\/wp-content\/uploads\/2024\/08\/GENDAMERIA-02-768x513.jpg 768w\" sizes=\"auto, (max-width: 800px) 100vw, 800px\" \/><\/p>\n<p>A posteriori, el Ejecutivo hizo entrega de placas para destacar la labor de gendarmer\u00eda, a sus autoridades en funciones.<\/p>\n<p>&nbsp;<\/p>\n","protected":false},"excerpt":{"rendered":"<p>En Plaza de Armas del Escuadr\u00f3n N\u00facleo \u201cSan Juan\u201d, de la Localidad de Marquesado, Departamento Rivadavia se realiz\u00f3 el acto<\/p>\n","protected":false},"author":3,"featured_media":75274,"comment_status":"closed","ping_status":"closed","sticky":false,"template":"","format":"standard","meta":{"_acf_changed":false,"_seopress_robots_primary_cat":"none","_seopress_titles_title":"","_seopress_titles_desc":"","_seopress_robots_index":"","colormag_page_container_layout":"default_layout","colormag_page_sidebar_layout":"default_layout","footnotes":""},"categories":[1],"tags":[],"class_list":["post-75271","post","type-post","status-publish","format-standard","has-post-thumbnail","hentry","category-destacadas"],"acf":[],"_links":{"self":[{"href":"https:\/\/vocesparalelas.com.ar\/sitio\/wp-json\/wp\/v2\/posts\/75271","targetHints":{"allow":["GET"]}}],"collection":[{"href":"https:\/\/vocesparalelas.com.ar\/sitio\/wp-json\/wp\/v2\/posts"}],"about":[{"href":"https:\/\/vocesparalelas.com.ar\/sitio\/wp-json\/wp\/v2\/types\/post"}],"author":[{"embeddable":true,"href":"https:\/\/vocesparalelas.com.ar\/sitio\/wp-json\/wp\/v2\/users\/3"}],"replies":[{"embeddable":true,"href":"https:\/\/vocesparalelas.com.ar\/sitio\/wp-json\/wp\/v2\/comments?post=75271"}],"version-history":[{"count":1,"href":"https:\/\/vocesparalelas.com.ar\/sitio\/wp-json\/wp\/v2\/posts\/75271\/revisions"}],"predecessor-version":[{"id":75276,"href":"https:\/\/vocesparalelas.com.ar\/sitio\/wp-json\/wp\/v2\/posts\/75271\/revisions\/75276"}],"wp:featuredmedia":[{"embeddable":true,"href":"https:\/\/vocesparalelas.com.ar\/sitio\/wp-json\/wp\/v2\/media\/75274"}],"wp:attachment":[{"href":"https:\/\/vocesparalelas.com.ar\/sitio\/wp-json\/wp\/v2\/media?parent=75271"}],"wp:term":[{"taxonomy":"category","embeddable":true,"href":"https:\/\/vocesparalelas.com.ar\/sitio\/wp-json\/wp\/v2\/categories?post=75271"},{"taxonomy":"post_tag","embeddable":true,"href":"https:\/\/vocesparalelas.com.ar\/sitio\/wp-json\/wp\/v2\/tags?post=75271"}],"curies":[{"name":"wp","href":"https:\/\/api.w.org\/{rel}","templated":true}]}}