{"id":75263,"date":"2024-07-31T19:43:28","date_gmt":"2024-07-31T22:43:28","guid":{"rendered":"https:\/\/vocesparalelas.com.ar\/sitio\/?p=75263"},"modified":"2024-08-01T00:45:05","modified_gmt":"2024-08-01T03:45:05","slug":"se-presento-el-programa-expresate-y-el-concurso-san-juan-escribe-del-fondo-editorial-de-la-camara-de-diputados-de-san-juan","status":"publish","type":"post","link":"https:\/\/vocesparalelas.com.ar\/sitio\/se-presento-el-programa-expresate-y-el-concurso-san-juan-escribe-del-fondo-editorial-de-la-camara-de-diputados-de-san-juan\/","title":{"rendered":"Se present\u00f3 el Programa \u00abExpresate\u00bb y el Concurso \u00abSan Juan Escribe\u00bb del Fondo Editorial de la C\u00e1mara de Diputados de San Juan"},"content":{"rendered":"<p>En las instalaciones de la Escuela Secundaria Agrot\u00e9cnica Ana P\u00e9rez Ciani, Departamento 9 de Julio, se desarroll\u00f3 la presentaci\u00f3n del Programa \u00abExpresate\u00bb y el Concurso \u00abSan Juan Escribe\u00bb del Fondo Editorial de la C\u00e1mara de Diputados.<\/p>\n<p>Acompa\u00f1aron, el Vicegobernador de San Juan, Dr. Fabi\u00e1n Mart\u00edn, el intendente de la Municipalidad de 9 de Julio, Daniel Benegas, el diputado provincial Gustavo Nu\u00f1ez, el equipo del Fondo Editorial de la C\u00e1mara de Diputados, entre otras autoridades, docentes y alumnos.<\/p>\n<p><img loading=\"lazy\" decoding=\"async\" class=\"alignnone size-full wp-image-75268\" src=\"https:\/\/vocesparalelas.com.ar\/sitio\/wp-content\/uploads\/2024\/08\/ESCUELA-ANA-PEREZ-CIANI.jpg\" alt=\"\" width=\"800\" height=\"453\" srcset=\"https:\/\/vocesparalelas.com.ar\/sitio\/wp-content\/uploads\/2024\/08\/ESCUELA-ANA-PEREZ-CIANI.jpg 800w, https:\/\/vocesparalelas.com.ar\/sitio\/wp-content\/uploads\/2024\/08\/ESCUELA-ANA-PEREZ-CIANI-300x170.jpg 300w, https:\/\/vocesparalelas.com.ar\/sitio\/wp-content\/uploads\/2024\/08\/ESCUELA-ANA-PEREZ-CIANI-768x435.jpg 768w\" sizes=\"auto, (max-width: 800px) 100vw, 800px\" \/><\/p>\n<p>Durante el encuentro se dieron a conocer los detalles de una nueva convocatoria del\u00a0San Juan Escribe. La Casa de Todos convoca a los ciudadanos sanjuaninos a participar de este certamen de car\u00e1cter abierto y gratuito. Los textos literarios podr\u00e1n presentarse del 11 de junio al 30 de agosto de 2024 y el tema ser\u00e1 de libre elecci\u00f3n.<\/p>\n<p>Adem\u00e1s, se present\u00f3 la herramienta l\u00fadico-did\u00e1ctica Expresate, generada desde el Fondo Editorial de la C\u00e1mara de Diputados. El programa fue avalado por el Ministerio de Educaci\u00f3n y en la actualidad atraviesa su tercera fase, luego de la creaci\u00f3n y distribuci\u00f3n, a desarrollarse durante el ciclo lectivo 2024. Esta consiste en capacitar al personal docente de las instituciones educativas sobre la implementaci\u00f3n del dispositivo, y brindar un protocolo de acci\u00f3n que otorgue a los actores institucionales herramientas para enfrentar situaciones y vicisitudes propias del acontecer escolar actual.<\/p>\n<p>Al respecto, el vicegobernador Dr. Fabi\u00e1n Mart\u00edn\u00a0reflexion\u00f3 que\u00a0\u201cson herramientas para construir futuro, algo que se comienza desde chico siempre de la mano de la educaci\u00f3n. Sin dudas, si yo no hubiese estudiado hoy no estar\u00eda ac\u00e1 ocupando este cargo. Aun con esfuerzo, con la insistencia de nuestros padres, es importante que podamos leer, escribir, estudiar y prepararnos para lo que viene\u201d.<\/p>\n<p>Finalmente, el titular del Poder Legislativo repas\u00f3 algunos ejemplos de anteriores ganadores del Concurso literario que pueden servir de inspiraci\u00f3n para que los alumnos presentes tomen de ejemplo y puedan producir un texto propio.<\/p>\n<figure id=\"attachment_37951\" aria-describedby=\"caption-attachment-37951\" style=\"width: 800px\" class=\"wp-caption alignnone\"><img loading=\"lazy\" decoding=\"async\" class=\"size-full wp-image-37951\" src=\"https:\/\/vocesparalelas.com.ar\/sitio\/wp-content\/uploads\/2021\/05\/CAMARA-EDIFICIO.jpg\" alt=\"\" width=\"800\" height=\"515\" srcset=\"https:\/\/vocesparalelas.com.ar\/sitio\/wp-content\/uploads\/2021\/05\/CAMARA-EDIFICIO.jpg 800w, https:\/\/vocesparalelas.com.ar\/sitio\/wp-content\/uploads\/2021\/05\/CAMARA-EDIFICIO-300x193.jpg 300w, https:\/\/vocesparalelas.com.ar\/sitio\/wp-content\/uploads\/2021\/05\/CAMARA-EDIFICIO-768x494.jpg 768w\" sizes=\"auto, (max-width: 800px) 100vw, 800px\" \/><figcaption id=\"caption-attachment-37951\" class=\"wp-caption-text\">Legislatura Provincial de San Juan, Rep\u00fablica Argentina<\/figcaption><\/figure>\n","protected":false},"excerpt":{"rendered":"<p>En las instalaciones de la Escuela Secundaria Agrot\u00e9cnica Ana P\u00e9rez Ciani, Departamento 9 de Julio, se desarroll\u00f3 la presentaci\u00f3n del<\/p>\n","protected":false},"author":3,"featured_media":75266,"comment_status":"closed","ping_status":"closed","sticky":false,"template":"","format":"standard","meta":{"_acf_changed":false,"_seopress_robots_primary_cat":"none","_seopress_titles_title":"","_seopress_titles_desc":"","_seopress_robots_index":"","colormag_page_container_layout":"default_layout","colormag_page_sidebar_layout":"default_layout","footnotes":""},"categories":[1],"tags":[],"class_list":["post-75263","post","type-post","status-publish","format-standard","has-post-thumbnail","hentry","category-destacadas"],"acf":[],"_links":{"self":[{"href":"https:\/\/vocesparalelas.com.ar\/sitio\/wp-json\/wp\/v2\/posts\/75263","targetHints":{"allow":["GET"]}}],"collection":[{"href":"https:\/\/vocesparalelas.com.ar\/sitio\/wp-json\/wp\/v2\/posts"}],"about":[{"href":"https:\/\/vocesparalelas.com.ar\/sitio\/wp-json\/wp\/v2\/types\/post"}],"author":[{"embeddable":true,"href":"https:\/\/vocesparalelas.com.ar\/sitio\/wp-json\/wp\/v2\/users\/3"}],"replies":[{"embeddable":true,"href":"https:\/\/vocesparalelas.com.ar\/sitio\/wp-json\/wp\/v2\/comments?post=75263"}],"version-history":[{"count":3,"href":"https:\/\/vocesparalelas.com.ar\/sitio\/wp-json\/wp\/v2\/posts\/75263\/revisions"}],"predecessor-version":[{"id":75270,"href":"https:\/\/vocesparalelas.com.ar\/sitio\/wp-json\/wp\/v2\/posts\/75263\/revisions\/75270"}],"wp:featuredmedia":[{"embeddable":true,"href":"https:\/\/vocesparalelas.com.ar\/sitio\/wp-json\/wp\/v2\/media\/75266"}],"wp:attachment":[{"href":"https:\/\/vocesparalelas.com.ar\/sitio\/wp-json\/wp\/v2\/media?parent=75263"}],"wp:term":[{"taxonomy":"category","embeddable":true,"href":"https:\/\/vocesparalelas.com.ar\/sitio\/wp-json\/wp\/v2\/categories?post=75263"},{"taxonomy":"post_tag","embeddable":true,"href":"https:\/\/vocesparalelas.com.ar\/sitio\/wp-json\/wp\/v2\/tags?post=75263"}],"curies":[{"name":"wp","href":"https:\/\/api.w.org\/{rel}","templated":true}]}}