{"id":75258,"date":"2024-07-31T22:22:06","date_gmt":"2024-08-01T01:22:06","guid":{"rendered":"https:\/\/vocesparalelas.com.ar\/sitio\/?p=75258"},"modified":"2024-07-31T22:22:06","modified_gmt":"2024-08-01T01:22:06","slug":"se-reunio-la-comision-de-ambiente-y-desarrollo-sostenible-de-la-camara-de-diputados-de-san-juan","status":"publish","type":"post","link":"https:\/\/vocesparalelas.com.ar\/sitio\/se-reunio-la-comision-de-ambiente-y-desarrollo-sostenible-de-la-camara-de-diputados-de-san-juan\/","title":{"rendered":"Se reuni\u00f3 la Comisi\u00f3n de Ambiente y Desarrollo Sostenible de la C\u00e1mara de Diputados de San Juan"},"content":{"rendered":"<p>Los Diputados integrantes de la Comisi\u00f3n de Ambiente y Desarrollo Sostenible de la C\u00e1mara de Diputados de San Juan presidida por su presidente, diputada Lic. Mar\u00eda Rita Lascano, llevaron a cabo una reuni\u00f3n para abordar diversos asuntos.<\/p>\n<p>En la oportunidad analizaron el expediente N\u00ba 1621 que es un proyecto de Resoluci\u00f3n presentado por el interbloque Cambia San Juan que propone declarar de inter\u00e9s el \u00abIV Taller Regional sobre Rehabilitaci\u00f3n y Restauraci\u00f3n en la Diagonal \u00c1rida Argentina- San Juan 2024\u00bb.<\/p>\n<p>Por otro lado, estudiaron el expediente N\u00ba 1889 remitido por el Poder Ejecutivo, por el cual se propone declarar Bien Integrante del Patrimonio Cultural de la Provincia al \u00abBarreal de Pachimoco\u00bb ubicado en el Departamento J\u00e1chal Provincia de San Juan, design\u00e1ndolo como \u00abSitio Arqueol\u00f3gico\u00bb.<\/p>\n<p>&nbsp;<\/p>\n<figure id=\"attachment_37951\" aria-describedby=\"caption-attachment-37951\" style=\"width: 800px\" class=\"wp-caption alignnone\"><img loading=\"lazy\" decoding=\"async\" class=\"size-full wp-image-37951\" src=\"https:\/\/vocesparalelas.com.ar\/sitio\/wp-content\/uploads\/2021\/05\/CAMARA-EDIFICIO.jpg\" alt=\"\" width=\"800\" height=\"515\" srcset=\"https:\/\/vocesparalelas.com.ar\/sitio\/wp-content\/uploads\/2021\/05\/CAMARA-EDIFICIO.jpg 800w, https:\/\/vocesparalelas.com.ar\/sitio\/wp-content\/uploads\/2021\/05\/CAMARA-EDIFICIO-300x193.jpg 300w, https:\/\/vocesparalelas.com.ar\/sitio\/wp-content\/uploads\/2021\/05\/CAMARA-EDIFICIO-768x494.jpg 768w\" sizes=\"auto, (max-width: 800px) 100vw, 800px\" \/><figcaption id=\"caption-attachment-37951\" class=\"wp-caption-text\">Legislatura Provincial de San Juan, Rep\u00fablica Argentina<\/figcaption><\/figure>\n<p>&nbsp;<\/p>\n<p>&nbsp;<\/p>\n","protected":false},"excerpt":{"rendered":"<p>Los Diputados integrantes de la Comisi\u00f3n de Ambiente y Desarrollo Sostenible de la C\u00e1mara de Diputados de San Juan presidida<\/p>\n","protected":false},"author":3,"featured_media":75261,"comment_status":"closed","ping_status":"closed","sticky":false,"template":"","format":"standard","meta":{"_acf_changed":false,"_seopress_robots_primary_cat":"none","_seopress_titles_title":"","_seopress_titles_desc":"","_seopress_robots_index":"","colormag_page_container_layout":"default_layout","colormag_page_sidebar_layout":"default_layout","footnotes":""},"categories":[1],"tags":[],"class_list":["post-75258","post","type-post","status-publish","format-standard","has-post-thumbnail","hentry","category-destacadas"],"acf":[],"_links":{"self":[{"href":"https:\/\/vocesparalelas.com.ar\/sitio\/wp-json\/wp\/v2\/posts\/75258","targetHints":{"allow":["GET"]}}],"collection":[{"href":"https:\/\/vocesparalelas.com.ar\/sitio\/wp-json\/wp\/v2\/posts"}],"about":[{"href":"https:\/\/vocesparalelas.com.ar\/sitio\/wp-json\/wp\/v2\/types\/post"}],"author":[{"embeddable":true,"href":"https:\/\/vocesparalelas.com.ar\/sitio\/wp-json\/wp\/v2\/users\/3"}],"replies":[{"embeddable":true,"href":"https:\/\/vocesparalelas.com.ar\/sitio\/wp-json\/wp\/v2\/comments?post=75258"}],"version-history":[{"count":1,"href":"https:\/\/vocesparalelas.com.ar\/sitio\/wp-json\/wp\/v2\/posts\/75258\/revisions"}],"predecessor-version":[{"id":75262,"href":"https:\/\/vocesparalelas.com.ar\/sitio\/wp-json\/wp\/v2\/posts\/75258\/revisions\/75262"}],"wp:featuredmedia":[{"embeddable":true,"href":"https:\/\/vocesparalelas.com.ar\/sitio\/wp-json\/wp\/v2\/media\/75261"}],"wp:attachment":[{"href":"https:\/\/vocesparalelas.com.ar\/sitio\/wp-json\/wp\/v2\/media?parent=75258"}],"wp:term":[{"taxonomy":"category","embeddable":true,"href":"https:\/\/vocesparalelas.com.ar\/sitio\/wp-json\/wp\/v2\/categories?post=75258"},{"taxonomy":"post_tag","embeddable":true,"href":"https:\/\/vocesparalelas.com.ar\/sitio\/wp-json\/wp\/v2\/tags?post=75258"}],"curies":[{"name":"wp","href":"https:\/\/api.w.org\/{rel}","templated":true}]}}