{"id":75251,"date":"2024-07-31T21:52:29","date_gmt":"2024-08-01T00:52:29","guid":{"rendered":"https:\/\/vocesparalelas.com.ar\/sitio\/?p=75251"},"modified":"2024-07-31T21:52:29","modified_gmt":"2024-08-01T00:52:29","slug":"avanzan-los-trabajos-de-recuperacion-del-dique-ignacio-de-la-roza-para-optimizar-los-recurso-hidrico-de-san-juan","status":"publish","type":"post","link":"https:\/\/vocesparalelas.com.ar\/sitio\/avanzan-los-trabajos-de-recuperacion-del-dique-ignacio-de-la-roza-para-optimizar-los-recurso-hidrico-de-san-juan\/","title":{"rendered":"Avanzan los trabajos de recuperaci\u00f3n del Dique Ignacio de la Roza para optimizar los recurso h\u00eddrico de San Juan"},"content":{"rendered":"<p>En el coraz\u00f3n del\u00a0sistema h\u00eddrico de la provincia de San Juan, se est\u00e1 llevando a cabo una impresionante renovaci\u00f3n del\u00a0Dique Ignacio de la Roza, una obra que asegura la regulaci\u00f3n del caudal de agua en todo el Valle de Tulum. Este proyecto representa un compromiso con la seguridad y la sostenibilidad h\u00eddrica del \u00e1rea.<\/p>\n<p>En el marco de esta renovadora misi\u00f3n, uno de los aspectos m\u00e1s destacables es la intervenci\u00f3n sobre las colosales compuertas, cada una con un peso estimado de entre 14 y 15 toneladas. Estas estructuras, que miden aproximadamente 8 metros de largo por 2 metros de alto, son piezas clave en la regulaci\u00f3n del flujo de agua del r\u00edo San Juan, y est\u00e1n siendo sometidas a un proceso meticuloso de rehabilitaci\u00f3n.<\/p>\n<p><span style=\"color: #ff6600;\"><b>Innovaciones en las compuertas<\/b><\/span><\/p>\n<p>Cada compuerta est\u00e1 equipada con un sofisticado sistema de gu\u00edas\u00a0y ruedas de acero que permiten su movimiento vertical, asegurando que el agua no se filtre. Estas gu\u00edas y ruedas, fabricadas completamente en metal, se est\u00e1n reacondicionando y mejorando para garantizar un rendimiento \u00f3ptimo. Tambi\u00e9n se est\u00e1 prestando especial atenci\u00f3n a las juntas de goma, conocidas como \u201cnota musical\u201d por su forma distintiva, que son esenciales para evitar fugas de agua. La rectificaci\u00f3n de los asientos met\u00e1licos, donde las compuertas se apoyan, es crucial para asegurar que no haya p\u00e9rdida de agua al cerrar.<\/p>\n<p>El sistema mec\u00e1nico que opera las compuertas ha sido completamente renovado. Los equipos reductores y las poleas est\u00e1n siendo restaurados a su condici\u00f3n original, permitiendo que el cable de acero, pueda funcionar sin problemas. Este cable (en total se adquiri\u00f3 m\u00e1s de 440 metros) es esencial para la maniobrabilidad de las compuertas y no estaba disponible localmente, por lo que tuvo que ser adquirido externamente, subrayando la magnitud y complejidad del proyecto.\u00a0Lo mismo sucedi\u00f3 con las juntas de goma.<\/p>\n<p><span style=\"color: #ff6600;\"><b>Reemplazo y restauraci\u00f3n de elementos clave<\/b><\/span><\/p>\n<p>El trabajo en los talleres involucrados en este proyecto es t\u00e9cnicamente asombroso. Con m\u00e1s de 100 personas trabajando intensamente en la restauraci\u00f3n, la planificaci\u00f3n se ha optimizado para maximizar la eficiencia.<\/p>\n<p>El\u00a0proceso de restauraci\u00f3n\u00a0incluye la limpieza exhaustiva de las compuertas mediante arenado, un procedimiento que\u00a0garantiza la eliminaci\u00f3n completa de impurezas, dejando el metal listo para ser recubierto con una pintura especial. Este revestimiento amarillo no s\u00f3lo proporciona una barrera protectora contra la corrosi\u00f3n y los elementos, sino que tambi\u00e9n mejora la visibilidad y seguridad en condiciones de poca luz, gracias a la distintiva capacidad del color amarillo para ser percibido en la oscuridad.<\/p>\n<p><img loading=\"lazy\" decoding=\"async\" class=\"alignnone size-full wp-image-75255\" src=\"https:\/\/vocesparalelas.com.ar\/sitio\/wp-content\/uploads\/2024\/07\/DIQUE-IGNACIO-DE-LA-ROZA-COMPUERTAS-03.jpg\" alt=\"\" width=\"800\" height=\"535\" srcset=\"https:\/\/vocesparalelas.com.ar\/sitio\/wp-content\/uploads\/2024\/07\/DIQUE-IGNACIO-DE-LA-ROZA-COMPUERTAS-03.jpg 800w, https:\/\/vocesparalelas.com.ar\/sitio\/wp-content\/uploads\/2024\/07\/DIQUE-IGNACIO-DE-LA-ROZA-COMPUERTAS-03-300x201.jpg 300w, https:\/\/vocesparalelas.com.ar\/sitio\/wp-content\/uploads\/2024\/07\/DIQUE-IGNACIO-DE-LA-ROZA-COMPUERTAS-03-768x514.jpg 768w\" sizes=\"auto, (max-width: 800px) 100vw, 800px\" \/><\/p>\n<p><span style=\"color: #ff6600;\"><b>Una obra complementaria<\/b><\/span><\/p>\n<p>Adem\u00e1s de la mejora de las compuertas se trabaja en el\u00a0Canal Matriz, parte fundamental de este sistema, pues tiene una capacidad de transporte de entre 60 y 70 metros c\u00fabicos de agua.\u00a0En el canal, cuando fue vaciado, se encontraron losas desplazadas de su lugar de origen debido a la presi\u00f3n del agua. Debido a esto, se est\u00e1 llevando a cabo un proceso para reubicar las losas desplazadas y construir losas nuevas donde sea necesario. Las que pueden ser recuperadas se enclavaron mediante anclajes con fijador qu\u00edmico a la losa original, mientras que otras est\u00e1n siendo construidas nuevamente. Este proceso se realiz\u00f3 en 6 losas. Las estructuras de hormig\u00f3n son de un tama\u00f1o considerable, aproximadamente de seis por seis metros.<\/p>\n<p>Estos trabajos son importantes pues\u00a0la operaci\u00f3n del Canal Matriz es fundamental para el manejo del recurso h\u00eddrico del Valle del Tulum. Por este canal se transporta el agua desde el r\u00edo hasta las diversas estructuras de distribuci\u00f3n agr\u00edcolas y urbanas que dependen de \u00e9l.<\/p>\n<p>La rehabilitaci\u00f3n actual no solo restaura estos elementos a su condici\u00f3n original, sino que tambi\u00e9n los moderniza, garantizando que sigan cumpliendo su funci\u00f3n vital en la protecci\u00f3n de la regi\u00f3n y en el manejo eficiente del agua.<\/p>\n<p><img loading=\"lazy\" decoding=\"async\" class=\"alignnone size-full wp-image-75254\" src=\"https:\/\/vocesparalelas.com.ar\/sitio\/wp-content\/uploads\/2024\/07\/DIQUE-IGNACIO-DE-LA-ROZA-COMPUERTAS-02.jpg\" alt=\"\" width=\"800\" height=\"535\" srcset=\"https:\/\/vocesparalelas.com.ar\/sitio\/wp-content\/uploads\/2024\/07\/DIQUE-IGNACIO-DE-LA-ROZA-COMPUERTAS-02.jpg 800w, https:\/\/vocesparalelas.com.ar\/sitio\/wp-content\/uploads\/2024\/07\/DIQUE-IGNACIO-DE-LA-ROZA-COMPUERTAS-02-300x201.jpg 300w, https:\/\/vocesparalelas.com.ar\/sitio\/wp-content\/uploads\/2024\/07\/DIQUE-IGNACIO-DE-LA-ROZA-COMPUERTAS-02-768x514.jpg 768w\" sizes=\"auto, (max-width: 800px) 100vw, 800px\" \/><\/p>\n<p>&nbsp;<\/p>\n<blockquote class=\"wp-embedded-content\" data-secret=\"J7zdKNLV07\"><p><a href=\"https:\/\/vocesparalelas.com.ar\/sitio\/fueron-retiradas-4-compuertas-para-la-reparacion-del-dique-ignacio-de-la-roza-de-san-juan\/\">Fueron retiradas 4 compuertas para la reparaci\u00f3n del Dique Ignacio de la Roza de San Juan<\/a><\/p><\/blockquote>\n<p><iframe loading=\"lazy\" class=\"wp-embedded-content\" sandbox=\"allow-scripts\" security=\"restricted\" style=\"position: absolute; visibility: hidden;\" title=\"\u00abFueron retiradas 4 compuertas para la reparaci\u00f3n del Dique Ignacio de la Roza de San Juan\u00bb \u2014 Voces Paralelas\" src=\"https:\/\/vocesparalelas.com.ar\/sitio\/fueron-retiradas-4-compuertas-para-la-reparacion-del-dique-ignacio-de-la-roza-de-san-juan\/embed\/#?secret=rm4q3VUocw#?secret=J7zdKNLV07\" data-secret=\"J7zdKNLV07\" width=\"600\" height=\"338\" frameborder=\"0\" marginwidth=\"0\" marginheight=\"0\" scrolling=\"no\"><\/iframe><\/p>\n<p>&nbsp;<\/p>\n<p>&nbsp;<\/p>\n<p>&nbsp;<\/p>\n","protected":false},"excerpt":{"rendered":"<p>En el coraz\u00f3n del\u00a0sistema h\u00eddrico de la provincia de San Juan, se est\u00e1 llevando a cabo una impresionante renovaci\u00f3n del\u00a0Dique<\/p>\n","protected":false},"author":3,"featured_media":75256,"comment_status":"closed","ping_status":"closed","sticky":false,"template":"","format":"standard","meta":{"_acf_changed":false,"_seopress_robots_primary_cat":"none","_seopress_titles_title":"","_seopress_titles_desc":"","_seopress_robots_index":"","colormag_page_container_layout":"default_layout","colormag_page_sidebar_layout":"default_layout","footnotes":""},"categories":[1],"tags":[],"class_list":["post-75251","post","type-post","status-publish","format-standard","has-post-thumbnail","hentry","category-destacadas"],"acf":[],"_links":{"self":[{"href":"https:\/\/vocesparalelas.com.ar\/sitio\/wp-json\/wp\/v2\/posts\/75251","targetHints":{"allow":["GET"]}}],"collection":[{"href":"https:\/\/vocesparalelas.com.ar\/sitio\/wp-json\/wp\/v2\/posts"}],"about":[{"href":"https:\/\/vocesparalelas.com.ar\/sitio\/wp-json\/wp\/v2\/types\/post"}],"author":[{"embeddable":true,"href":"https:\/\/vocesparalelas.com.ar\/sitio\/wp-json\/wp\/v2\/users\/3"}],"replies":[{"embeddable":true,"href":"https:\/\/vocesparalelas.com.ar\/sitio\/wp-json\/wp\/v2\/comments?post=75251"}],"version-history":[{"count":1,"href":"https:\/\/vocesparalelas.com.ar\/sitio\/wp-json\/wp\/v2\/posts\/75251\/revisions"}],"predecessor-version":[{"id":75257,"href":"https:\/\/vocesparalelas.com.ar\/sitio\/wp-json\/wp\/v2\/posts\/75251\/revisions\/75257"}],"wp:featuredmedia":[{"embeddable":true,"href":"https:\/\/vocesparalelas.com.ar\/sitio\/wp-json\/wp\/v2\/media\/75256"}],"wp:attachment":[{"href":"https:\/\/vocesparalelas.com.ar\/sitio\/wp-json\/wp\/v2\/media?parent=75251"}],"wp:term":[{"taxonomy":"category","embeddable":true,"href":"https:\/\/vocesparalelas.com.ar\/sitio\/wp-json\/wp\/v2\/categories?post=75251"},{"taxonomy":"post_tag","embeddable":true,"href":"https:\/\/vocesparalelas.com.ar\/sitio\/wp-json\/wp\/v2\/tags?post=75251"}],"curies":[{"name":"wp","href":"https:\/\/api.w.org\/{rel}","templated":true}]}}