{"id":75246,"date":"2024-07-31T21:12:10","date_gmt":"2024-08-01T00:12:10","guid":{"rendered":"https:\/\/vocesparalelas.com.ar\/sitio\/?p=75246"},"modified":"2024-07-31T21:12:10","modified_gmt":"2024-08-01T00:12:10","slug":"firma-de-convenio-marco-entre-el-gobierno-de-san-juan-y-poder-judicial-de-san-juan","status":"publish","type":"post","link":"https:\/\/vocesparalelas.com.ar\/sitio\/firma-de-convenio-marco-entre-el-gobierno-de-san-juan-y-poder-judicial-de-san-juan\/","title":{"rendered":"Firma de Convenio Marco entre el Gobierno de San Juan y Poder Judicial de San Juan"},"content":{"rendered":"<p>En Casa de Gobierno de San Juan, se desarroll\u00f3 la firma de Convenio Marco entre el gobernador Dr. Marcelo Orrego y el presidente de la Corte de Justicia, Dr. Marcelo Lima para mejorar la comunicaci\u00f3n y coordinaci\u00f3n entre ambos poderes.<\/p>\n<p>Adem\u00e1s, estuvieron presentes el asesor Letrado, Dr. Ricardo Alejandro Ferrari y el asesor Letrado Adjunto, Dr. Facundo Rojas Clari\u00e1.<\/p>\n<p>El convenio permite implementar actas complementarias relacionadas con la informatizaci\u00f3n del Bolet\u00edn Oficial, la digitalizaci\u00f3n de documentos y la colaboraci\u00f3n en la Ley Yolanda.<\/p>\n<p>Adem\u00e1s, el Poder Judicial entregar\u00e1 aproximadamente 100 computadoras reutilizadas al Ministerio de Educaci\u00f3n del Gobierno de San Juan para ser utilizadas en las escuelas. El proceso incluye la verificaci\u00f3n del estado de las computadoras por un t\u00e9cnico antes de su distribuci\u00f3n.<\/p>\n<p>Tras la firma del convenio, el presidente de la Corte de Justicia, Dr. Marcelo Lima\u00a0 explic\u00f3 que \u00abesto nos abre la puerta para una serie de actas complementarias con la informatizaci\u00f3n del Bolet\u00edn Oficial y la comunicaci\u00f3n de todo lo que produce el Poder Judicial que deba ser canalizado a trav\u00e9s del Bolet\u00edn Oficial. Vamos a seguir trabajando en esta sinton\u00eda\u201d.<\/p>\n<p><img loading=\"lazy\" decoding=\"async\" class=\"alignnone size-full wp-image-62371\" src=\"https:\/\/vocesparalelas.com.ar\/sitio\/wp-content\/uploads\/2023\/08\/CORTE-JUSTICIA-SAN-JUAN-01.jpg\" alt=\"\" width=\"800\" height=\"503\" srcset=\"https:\/\/vocesparalelas.com.ar\/sitio\/wp-content\/uploads\/2023\/08\/CORTE-JUSTICIA-SAN-JUAN-01.jpg 800w, https:\/\/vocesparalelas.com.ar\/sitio\/wp-content\/uploads\/2023\/08\/CORTE-JUSTICIA-SAN-JUAN-01-300x189.jpg 300w, https:\/\/vocesparalelas.com.ar\/sitio\/wp-content\/uploads\/2023\/08\/CORTE-JUSTICIA-SAN-JUAN-01-768x483.jpg 768w\" sizes=\"auto, (max-width: 800px) 100vw, 800px\" \/><\/p>\n<p>&nbsp;<\/p>\n<p><img loading=\"lazy\" decoding=\"async\" class=\"alignnone size-full wp-image-65642\" src=\"https:\/\/vocesparalelas.com.ar\/sitio\/wp-content\/uploads\/2023\/11\/GOBIERNO-SAN-JUAN.jpg\" alt=\"\" width=\"800\" height=\"600\" srcset=\"https:\/\/vocesparalelas.com.ar\/sitio\/wp-content\/uploads\/2023\/11\/GOBIERNO-SAN-JUAN.jpg 800w, https:\/\/vocesparalelas.com.ar\/sitio\/wp-content\/uploads\/2023\/11\/GOBIERNO-SAN-JUAN-300x225.jpg 300w, https:\/\/vocesparalelas.com.ar\/sitio\/wp-content\/uploads\/2023\/11\/GOBIERNO-SAN-JUAN-768x576.jpg 768w\" sizes=\"auto, (max-width: 800px) 100vw, 800px\" \/><\/p>\n<p>&nbsp;<\/p>\n","protected":false},"excerpt":{"rendered":"<p>En Casa de Gobierno de San Juan, se desarroll\u00f3 la firma de Convenio Marco entre el gobernador Dr. Marcelo Orrego<\/p>\n","protected":false},"author":3,"featured_media":75249,"comment_status":"closed","ping_status":"closed","sticky":false,"template":"","format":"standard","meta":{"_acf_changed":false,"_seopress_robots_primary_cat":"none","_seopress_titles_title":"","_seopress_titles_desc":"","_seopress_robots_index":"","colormag_page_container_layout":"default_layout","colormag_page_sidebar_layout":"default_layout","footnotes":""},"categories":[1],"tags":[],"class_list":["post-75246","post","type-post","status-publish","format-standard","has-post-thumbnail","hentry","category-destacadas"],"acf":[],"_links":{"self":[{"href":"https:\/\/vocesparalelas.com.ar\/sitio\/wp-json\/wp\/v2\/posts\/75246","targetHints":{"allow":["GET"]}}],"collection":[{"href":"https:\/\/vocesparalelas.com.ar\/sitio\/wp-json\/wp\/v2\/posts"}],"about":[{"href":"https:\/\/vocesparalelas.com.ar\/sitio\/wp-json\/wp\/v2\/types\/post"}],"author":[{"embeddable":true,"href":"https:\/\/vocesparalelas.com.ar\/sitio\/wp-json\/wp\/v2\/users\/3"}],"replies":[{"embeddable":true,"href":"https:\/\/vocesparalelas.com.ar\/sitio\/wp-json\/wp\/v2\/comments?post=75246"}],"version-history":[{"count":1,"href":"https:\/\/vocesparalelas.com.ar\/sitio\/wp-json\/wp\/v2\/posts\/75246\/revisions"}],"predecessor-version":[{"id":75250,"href":"https:\/\/vocesparalelas.com.ar\/sitio\/wp-json\/wp\/v2\/posts\/75246\/revisions\/75250"}],"wp:featuredmedia":[{"embeddable":true,"href":"https:\/\/vocesparalelas.com.ar\/sitio\/wp-json\/wp\/v2\/media\/75249"}],"wp:attachment":[{"href":"https:\/\/vocesparalelas.com.ar\/sitio\/wp-json\/wp\/v2\/media?parent=75246"}],"wp:term":[{"taxonomy":"category","embeddable":true,"href":"https:\/\/vocesparalelas.com.ar\/sitio\/wp-json\/wp\/v2\/categories?post=75246"},{"taxonomy":"post_tag","embeddable":true,"href":"https:\/\/vocesparalelas.com.ar\/sitio\/wp-json\/wp\/v2\/tags?post=75246"}],"curies":[{"name":"wp","href":"https:\/\/api.w.org\/{rel}","templated":true}]}}