{"id":75178,"date":"2024-07-29T20:55:42","date_gmt":"2024-07-29T23:55:42","guid":{"rendered":"https:\/\/vocesparalelas.com.ar\/sitio\/?p=75178"},"modified":"2024-07-29T20:55:42","modified_gmt":"2024-07-29T23:55:42","slug":"reunion-de-comisiones-de-la-camara-de-diputados-de-san-juan-2","status":"publish","type":"post","link":"https:\/\/vocesparalelas.com.ar\/sitio\/reunion-de-comisiones-de-la-camara-de-diputados-de-san-juan-2\/","title":{"rendered":"Reuni\u00f3n de Comisiones de la C\u00e1mara de Diputados de San Juan"},"content":{"rendered":"<p>Las distintas Comisiones de la C\u00e1mara de Diputados de San Juan se reunieron para analizar proyectos ingresados y ser tratados en la sesi\u00f3n pr\u00f3xima.<\/p>\n<p><strong><span style=\"color: #666699;\">Justicia y Seguridad<\/span><\/strong><\/p>\n<p>En primer t\u00e9rmino, los legisladores Marcela Quiroga, Enzo Cornejo, Stella Caparr\u00f3s, Horacio Quiroga, Leopoldo Soler, Mario Herrero, Juan de la Cruz C\u00f3rdoba y Alejandra Leonardo; se reunieron en el Edificio Hist\u00f3rico.<\/p>\n<p>Discutieron respecto al proyecto presentado bajo Expediente N\u00ba 1592, respecto a la\u00a0Ley LP 2415-0, sacando el siguiente despacho:<\/p>\n<p>Art\u00edculo 1\u00b0: Se modifica el Art\u00edculo 637 de la ley LP 2415-0 el que quedar\u00e1 redactado de la siguiente manera:<\/p>\n<p>\u00abARTICULO 637.- Requisitos de la iniciaci\u00f3n: Quien solicite la apertura del proceso sucesorio, debe justificar solamente y prima facie, su car\u00e1cter de parte leg\u00edtima, entendi\u00e9ndose por tal los herederos conforme la ley de fondo vigente, debiendo acompa\u00f1ar:<\/p>\n<p>a)\u00a0 Partida de defunci\u00f3n del causante y las partidas que acrediten el v\u00ednculo que invoca.<\/p>\n<p>b)\u00a0 Certificaci\u00f3n del Registro de Juicios Universales de la inexistencia de testamento y de un sucesorio anterior del mismo causante. &#8211;<\/p>\n<p>Si el causante hubiere hecho testamento y el solicitante conociere su existencia, debe presentarlo cuando est\u00e1 en su poder, o indicar el lugar donde se encuentra, si lo supiera.<\/p>\n<p>Cuando el causante falleci\u00f3 sin haber testado, debe denunciarse el nombre y domicilio de los herederos conocidos o sus representantes legales.\u00bb<\/p>\n<p><strong><span style=\"color: #666699;\">Hacienda y Presupuesto<\/span><\/strong><\/p>\n<p>A continuaci\u00f3n, se llev\u00f3 adelante una nueva reuni\u00f3n de esta Comisi\u00f3n con la participaci\u00f3n de los diputados Franco Aranda, Stella Caparr\u00f3s, Rosana Luque, Alejandra Leonardo, Mar\u00eda Rita Lascano, Carlos Jaime y Miguel Vega.<\/p>\n<p>Durante el encuentro sacaron despacho favorable a los siguientes proyectos presentados:<\/p>\n<ul>\n<li><strong>Expediente N\u00ba 1763:\u00a0<\/strong>se aprueba el Convenio entre Provincia de San Juan y Banco de San Juan S.A. \u00abFinanciamiento de Capital de Trabajo \u2014 Descuento de Cheques de pago Diferido\u00bb y sus respectivos Anexos I y II, celebrado el d\u00eda 20 de mayo de 2024.<\/li>\n<li><strong>Expediente N\u00ba 1764:<\/strong>\u00a0Se aprueba el Convenio celebrado el d\u00eda 20 de Mayo de 2024 y sus respectivos Anexos I, II y III,\u00bb Pr\u00e9stamos para Financiamiento de Proyecto de Inversi\u00f3n\u00bb.<\/li>\n<li><strong>Expediente N\u00ba 1765:<\/strong>\u00a0Se aprueba el Convenio entre Provincia de San Juan y Banco de San Juan S.A.-\u00abPr\u00e9stamos para Emprendedores\u00bb y sus respectivos Anexos I, II y III, celebrado el d\u00eda 20 de mayo de 2024.<\/li>\n<li><strong>Expediente N\u00ba 1838:<\/strong>\u00a0Se aprueba el Convenio de Bonificaci\u00f3n de Tasas de Inter\u00e9s entre la Provincia de San Juan y el Banco de la Naci\u00f3n Argentina \u2014 Vendimia 2023 y sus Anexos.<\/li>\n<li><strong>Expediente N\u00ba 1888:<\/strong>\u00a0Se aprueba el Convenio entre Provincia de San Juan y el Banco de San Juan S.A.-\u00abPrestamos Financieros para Capital de Trabajo\u00bb y sus respectivos Anexos I y II , celebrado el 20 de mayo de 2024.<\/li>\n<\/ul>\n<p><strong><span style=\"color: #666699;\">Legislaci\u00f3n y Asuntos Constitucionales<\/span><\/strong><\/p>\n<p>Finalmente, los integrantes de la Comisi\u00f3n continuaron con el debate de los Expedientes N\u00ba 1624 y N\u00ba 1625. Estuvieron presentes los diputados Juan de la Cruz C\u00f3rdoba, Marcela Quiroga, Franco Aranda, Alejandra Leonardo, Fernando Patinella, Pedro Albagli, Fernanda Paredes y Leopoldo Soler.<\/p>\n<p>Del encuentro particip\u00f3 el abogado Nicol\u00e1s Coarasa, representante de la Direcci\u00f3n General de Organizaci\u00f3n de la UNSJ. El profesional asisti\u00f3 con el fin de evacuar dudas y consultas respecto a los temas tratados.<\/p>\n<p>Los mencionados proyectos tratan sobre las donaciones de los inmuebles CUIM Universidad Nacional de San Juan y Escuela de M\u00fasica Universidad Nacional de San Juan.<\/p>\n<p>&nbsp;<\/p>\n<figure id=\"attachment_37951\" aria-describedby=\"caption-attachment-37951\" style=\"width: 800px\" class=\"wp-caption alignnone\"><img loading=\"lazy\" decoding=\"async\" class=\"size-full wp-image-37951\" src=\"https:\/\/vocesparalelas.com.ar\/sitio\/wp-content\/uploads\/2021\/05\/CAMARA-EDIFICIO.jpg\" alt=\"\" width=\"800\" height=\"515\" srcset=\"https:\/\/vocesparalelas.com.ar\/sitio\/wp-content\/uploads\/2021\/05\/CAMARA-EDIFICIO.jpg 800w, https:\/\/vocesparalelas.com.ar\/sitio\/wp-content\/uploads\/2021\/05\/CAMARA-EDIFICIO-300x193.jpg 300w, https:\/\/vocesparalelas.com.ar\/sitio\/wp-content\/uploads\/2021\/05\/CAMARA-EDIFICIO-768x494.jpg 768w\" sizes=\"auto, (max-width: 800px) 100vw, 800px\" \/><figcaption id=\"caption-attachment-37951\" class=\"wp-caption-text\">Legislatura Provincial de San Juan, Rep\u00fablica Argentina<\/figcaption><\/figure>\n<p>&nbsp;<\/p>\n<p>&nbsp;<\/p>\n","protected":false},"excerpt":{"rendered":"<p>Las distintas Comisiones de la C\u00e1mara de Diputados de San Juan se reunieron para analizar proyectos ingresados y ser tratados<\/p>\n","protected":false},"author":3,"featured_media":75181,"comment_status":"closed","ping_status":"closed","sticky":false,"template":"","format":"standard","meta":{"_acf_changed":false,"_seopress_robots_primary_cat":"none","_seopress_titles_title":"","_seopress_titles_desc":"","_seopress_robots_index":"","colormag_page_container_layout":"default_layout","colormag_page_sidebar_layout":"default_layout","footnotes":""},"categories":[1],"tags":[],"class_list":["post-75178","post","type-post","status-publish","format-standard","has-post-thumbnail","hentry","category-destacadas"],"acf":[],"_links":{"self":[{"href":"https:\/\/vocesparalelas.com.ar\/sitio\/wp-json\/wp\/v2\/posts\/75178","targetHints":{"allow":["GET"]}}],"collection":[{"href":"https:\/\/vocesparalelas.com.ar\/sitio\/wp-json\/wp\/v2\/posts"}],"about":[{"href":"https:\/\/vocesparalelas.com.ar\/sitio\/wp-json\/wp\/v2\/types\/post"}],"author":[{"embeddable":true,"href":"https:\/\/vocesparalelas.com.ar\/sitio\/wp-json\/wp\/v2\/users\/3"}],"replies":[{"embeddable":true,"href":"https:\/\/vocesparalelas.com.ar\/sitio\/wp-json\/wp\/v2\/comments?post=75178"}],"version-history":[{"count":1,"href":"https:\/\/vocesparalelas.com.ar\/sitio\/wp-json\/wp\/v2\/posts\/75178\/revisions"}],"predecessor-version":[{"id":75182,"href":"https:\/\/vocesparalelas.com.ar\/sitio\/wp-json\/wp\/v2\/posts\/75178\/revisions\/75182"}],"wp:featuredmedia":[{"embeddable":true,"href":"https:\/\/vocesparalelas.com.ar\/sitio\/wp-json\/wp\/v2\/media\/75181"}],"wp:attachment":[{"href":"https:\/\/vocesparalelas.com.ar\/sitio\/wp-json\/wp\/v2\/media?parent=75178"}],"wp:term":[{"taxonomy":"category","embeddable":true,"href":"https:\/\/vocesparalelas.com.ar\/sitio\/wp-json\/wp\/v2\/categories?post=75178"},{"taxonomy":"post_tag","embeddable":true,"href":"https:\/\/vocesparalelas.com.ar\/sitio\/wp-json\/wp\/v2\/tags?post=75178"}],"curies":[{"name":"wp","href":"https:\/\/api.w.org\/{rel}","templated":true}]}}