{"id":75167,"date":"2024-07-29T19:39:18","date_gmt":"2024-07-29T22:39:18","guid":{"rendered":"https:\/\/vocesparalelas.com.ar\/sitio\/?p=75167"},"modified":"2024-07-29T19:39:18","modified_gmt":"2024-07-29T22:39:18","slug":"se-desarrollo-la-8-edicion-de-la-maraton-internacional-de-san-juan","status":"publish","type":"post","link":"https:\/\/vocesparalelas.com.ar\/sitio\/se-desarrollo-la-8-edicion-de-la-maraton-internacional-de-san-juan\/","title":{"rendered":"Se desarroll\u00f3 la 8\u00b0 edici\u00f3n de la Marat\u00f3n Internacional de San Juan"},"content":{"rendered":"<p>Con la participaci\u00f3n de m\u00e1s de 3000 atletas provenientes de distintas partes del pa\u00eds y del mundo, la 8va edici\u00f3n de la Marat\u00f3n Internacional de San Juan se destac\u00f3 por su recorrido pintoresco, abarcando algunas de las postales geogr\u00e1ficas m\u00e1s hermosas de la provincia. Este evento no solo resalt\u00f3 por la calidad de los competidores, sino tambi\u00e9n por la organizaci\u00f3n conjunta entre Adventure Pro y el Gobierno de San Juan, consolid\u00e1ndose como una de las maratones m\u00e1s importantes de Argentina.<\/p>\n<p>En el \u00e1mbito deportivo, la competencia femenina fue vibrante. La espa\u00f1ola Estefan\u00eda Unzu logr\u00f3 la victoria en los 42K con un final muy cerrado, superando a la estadounidense Sarah Garthe, residente en Chile y ganadora de la edici\u00f3n anterior. El podio se complet\u00f3 con la sanjuanina Betina Linares. En la categor\u00eda masculina, el cordob\u00e9s Flavio Demichelis se alz\u00f3 con el primer puesto, seguido por Pablo Bandeo de Santa Fe y Nelson Perez de San Juan.<\/p>\n<p>En la media marat\u00f3n de 21K, Mendoza se llev\u00f3 todos los laureles con la victoria de Ana Funes y del gran favorito, Ignacio Erario, atleta de Adidas. Ambos demostraron una performance destacada, confirmando su dominio en esta distancia.<\/p>\n<p><img loading=\"lazy\" decoding=\"async\" class=\"alignnone size-full wp-image-75172\" src=\"https:\/\/vocesparalelas.com.ar\/sitio\/wp-content\/uploads\/2024\/07\/MARATON-SAN-JUAN-03.jpg\" alt=\"\" width=\"800\" height=\"450\" srcset=\"https:\/\/vocesparalelas.com.ar\/sitio\/wp-content\/uploads\/2024\/07\/MARATON-SAN-JUAN-03.jpg 800w, https:\/\/vocesparalelas.com.ar\/sitio\/wp-content\/uploads\/2024\/07\/MARATON-SAN-JUAN-03-300x169.jpg 300w, https:\/\/vocesparalelas.com.ar\/sitio\/wp-content\/uploads\/2024\/07\/MARATON-SAN-JUAN-03-768x432.jpg 768w\" sizes=\"auto, (max-width: 800px) 100vw, 800px\" \/><\/p>\n<p>Uno de los momentos m\u00e1s importantes y emotivos de la jornada fue la Marat\u00f3n Inclusiva, que parti\u00f3 desde la Casa de Sarmiento. En esta competencia, participaron atletas adaptados y diversas asociaciones que luchan contra diferentes enfermedades, mostrando el esp\u00edritu de integraci\u00f3n y superaci\u00f3n que caracteriza a este evento deportivo.<\/p>\n<p>&nbsp;<\/p>\n<p><img loading=\"lazy\" decoding=\"async\" class=\"alignnone size-full wp-image-75171\" src=\"https:\/\/vocesparalelas.com.ar\/sitio\/wp-content\/uploads\/2024\/07\/MARATON-SAN-JUAN-02.jpg\" alt=\"\" width=\"800\" height=\"450\" srcset=\"https:\/\/vocesparalelas.com.ar\/sitio\/wp-content\/uploads\/2024\/07\/MARATON-SAN-JUAN-02.jpg 800w, https:\/\/vocesparalelas.com.ar\/sitio\/wp-content\/uploads\/2024\/07\/MARATON-SAN-JUAN-02-300x169.jpg 300w, https:\/\/vocesparalelas.com.ar\/sitio\/wp-content\/uploads\/2024\/07\/MARATON-SAN-JUAN-02-768x432.jpg 768w\" sizes=\"auto, (max-width: 800px) 100vw, 800px\" \/><\/p>\n","protected":false},"excerpt":{"rendered":"<p>Con la participaci\u00f3n de m\u00e1s de 3000 atletas provenientes de distintas partes del pa\u00eds y del mundo, la 8va edici\u00f3n<\/p>\n","protected":false},"author":3,"featured_media":75170,"comment_status":"closed","ping_status":"closed","sticky":false,"template":"","format":"standard","meta":{"_acf_changed":false,"_seopress_robots_primary_cat":"none","_seopress_titles_title":"","_seopress_titles_desc":"","_seopress_robots_index":"","colormag_page_container_layout":"default_layout","colormag_page_sidebar_layout":"default_layout","footnotes":""},"categories":[1],"tags":[],"class_list":["post-75167","post","type-post","status-publish","format-standard","has-post-thumbnail","hentry","category-destacadas"],"acf":[],"_links":{"self":[{"href":"https:\/\/vocesparalelas.com.ar\/sitio\/wp-json\/wp\/v2\/posts\/75167","targetHints":{"allow":["GET"]}}],"collection":[{"href":"https:\/\/vocesparalelas.com.ar\/sitio\/wp-json\/wp\/v2\/posts"}],"about":[{"href":"https:\/\/vocesparalelas.com.ar\/sitio\/wp-json\/wp\/v2\/types\/post"}],"author":[{"embeddable":true,"href":"https:\/\/vocesparalelas.com.ar\/sitio\/wp-json\/wp\/v2\/users\/3"}],"replies":[{"embeddable":true,"href":"https:\/\/vocesparalelas.com.ar\/sitio\/wp-json\/wp\/v2\/comments?post=75167"}],"version-history":[{"count":1,"href":"https:\/\/vocesparalelas.com.ar\/sitio\/wp-json\/wp\/v2\/posts\/75167\/revisions"}],"predecessor-version":[{"id":75173,"href":"https:\/\/vocesparalelas.com.ar\/sitio\/wp-json\/wp\/v2\/posts\/75167\/revisions\/75173"}],"wp:featuredmedia":[{"embeddable":true,"href":"https:\/\/vocesparalelas.com.ar\/sitio\/wp-json\/wp\/v2\/media\/75170"}],"wp:attachment":[{"href":"https:\/\/vocesparalelas.com.ar\/sitio\/wp-json\/wp\/v2\/media?parent=75167"}],"wp:term":[{"taxonomy":"category","embeddable":true,"href":"https:\/\/vocesparalelas.com.ar\/sitio\/wp-json\/wp\/v2\/categories?post=75167"},{"taxonomy":"post_tag","embeddable":true,"href":"https:\/\/vocesparalelas.com.ar\/sitio\/wp-json\/wp\/v2\/tags?post=75167"}],"curies":[{"name":"wp","href":"https:\/\/api.w.org\/{rel}","templated":true}]}}