{"id":75149,"date":"2024-07-29T12:55:50","date_gmt":"2024-07-29T15:55:50","guid":{"rendered":"https:\/\/vocesparalelas.com.ar\/sitio\/?p=75149"},"modified":"2024-07-29T12:55:50","modified_gmt":"2024-07-29T15:55:50","slug":"presente-en-el-cierre-de-la-octava-edicion-del-desafio-de-las-estrellas-en-el-circuito-san-juan-villicum","status":"publish","type":"post","link":"https:\/\/vocesparalelas.com.ar\/sitio\/presente-en-el-cierre-de-la-octava-edicion-del-desafio-de-las-estrellas-en-el-circuito-san-juan-villicum\/","title":{"rendered":"Presente en el cierre de la octava edici\u00f3n del Desaf\u00edo de las Estrellas en el Circuito San Juan Villicum"},"content":{"rendered":"<p>El S\u00e1bado, 27 y el Domingo, 28 de Julio, se desarroll\u00f3 en el Circuito San Juan Villicum, las tres categor\u00edas, TC, TC Pista y F\u00f3rmula 3 Metropolitana. Entre ellas, TC present\u00f3 un cronograma de competencia con reglamento particular por ser una carrera especial.<\/p>\n<p>Es as\u00ed que, el Domingo, 28 de Julio, el gobernador de San Juan, Dr. Marcelo Orrego presenci\u00f3 el cierre de la m\u00e1xima categor\u00eda del automovilismo argentino.<\/p>\n<p>Por ello, manifest\u00f3 que \u00abestoy muy feliz de disfrutar de esta hermosa fiesta. Generar oportunidades en materia deportiva y tur\u00edstica es una pol\u00edtica de estado que queremos llevar adelante. Lo que signifiquen visitas a nuestra provincia vamos a estar presente\u201d<\/p>\n<p>El mandatario provincial estuvo acompa\u00f1ado por el vicegobernador Fabi\u00e1n Mart\u00edn y el ministro de Turismo, Cultura y Deporte, Guido Romero.<\/p>\n<p>El piloto oriundo de Buenos Aires Santi \u00c1lvarez, se qued\u00f3 con la fecha especial del Turismo Carretera en San Juan. Detr\u00e1s del flamante ganador del Desaf\u00edo de las Estrellas quedaron Mangoni, Risatti, Jakos y Ebarl\u00edn.<\/p>\n<p><img loading=\"lazy\" decoding=\"async\" class=\"alignnone size-full wp-image-65965\" src=\"https:\/\/vocesparalelas.com.ar\/sitio\/wp-content\/uploads\/2023\/11\/CIRCUITO-SAN-JUAN-VILLICUM.jpg\" alt=\"\" width=\"800\" height=\"449\" srcset=\"https:\/\/vocesparalelas.com.ar\/sitio\/wp-content\/uploads\/2023\/11\/CIRCUITO-SAN-JUAN-VILLICUM.jpg 800w, https:\/\/vocesparalelas.com.ar\/sitio\/wp-content\/uploads\/2023\/11\/CIRCUITO-SAN-JUAN-VILLICUM-300x168.jpg 300w, https:\/\/vocesparalelas.com.ar\/sitio\/wp-content\/uploads\/2023\/11\/CIRCUITO-SAN-JUAN-VILLICUM-768x431.jpg 768w\" sizes=\"auto, (max-width: 800px) 100vw, 800px\" \/><\/p>\n","protected":false},"excerpt":{"rendered":"<p>El S\u00e1bado, 27 y el Domingo, 28 de Julio, se desarroll\u00f3 en el Circuito San Juan Villicum, las tres categor\u00edas,<\/p>\n","protected":false},"author":3,"featured_media":75152,"comment_status":"closed","ping_status":"closed","sticky":false,"template":"","format":"standard","meta":{"_acf_changed":false,"_seopress_robots_primary_cat":"none","_seopress_titles_title":"","_seopress_titles_desc":"","_seopress_robots_index":"","colormag_page_container_layout":"default_layout","colormag_page_sidebar_layout":"default_layout","footnotes":""},"categories":[1],"tags":[],"class_list":["post-75149","post","type-post","status-publish","format-standard","has-post-thumbnail","hentry","category-destacadas"],"acf":[],"_links":{"self":[{"href":"https:\/\/vocesparalelas.com.ar\/sitio\/wp-json\/wp\/v2\/posts\/75149","targetHints":{"allow":["GET"]}}],"collection":[{"href":"https:\/\/vocesparalelas.com.ar\/sitio\/wp-json\/wp\/v2\/posts"}],"about":[{"href":"https:\/\/vocesparalelas.com.ar\/sitio\/wp-json\/wp\/v2\/types\/post"}],"author":[{"embeddable":true,"href":"https:\/\/vocesparalelas.com.ar\/sitio\/wp-json\/wp\/v2\/users\/3"}],"replies":[{"embeddable":true,"href":"https:\/\/vocesparalelas.com.ar\/sitio\/wp-json\/wp\/v2\/comments?post=75149"}],"version-history":[{"count":1,"href":"https:\/\/vocesparalelas.com.ar\/sitio\/wp-json\/wp\/v2\/posts\/75149\/revisions"}],"predecessor-version":[{"id":75153,"href":"https:\/\/vocesparalelas.com.ar\/sitio\/wp-json\/wp\/v2\/posts\/75149\/revisions\/75153"}],"wp:featuredmedia":[{"embeddable":true,"href":"https:\/\/vocesparalelas.com.ar\/sitio\/wp-json\/wp\/v2\/media\/75152"}],"wp:attachment":[{"href":"https:\/\/vocesparalelas.com.ar\/sitio\/wp-json\/wp\/v2\/media?parent=75149"}],"wp:term":[{"taxonomy":"category","embeddable":true,"href":"https:\/\/vocesparalelas.com.ar\/sitio\/wp-json\/wp\/v2\/categories?post=75149"},{"taxonomy":"post_tag","embeddable":true,"href":"https:\/\/vocesparalelas.com.ar\/sitio\/wp-json\/wp\/v2\/tags?post=75149"}],"curies":[{"name":"wp","href":"https:\/\/api.w.org\/{rel}","templated":true}]}}