{"id":75086,"date":"2024-07-25T21:19:17","date_gmt":"2024-07-26T00:19:17","guid":{"rendered":"https:\/\/vocesparalelas.com.ar\/sitio\/?p=75086"},"modified":"2024-07-27T00:23:02","modified_gmt":"2024-07-27T03:23:02","slug":"se-fortalece-el-plan-integral-de-seguridad-del-gobierno-de-san-juan","status":"publish","type":"post","link":"https:\/\/vocesparalelas.com.ar\/sitio\/se-fortalece-el-plan-integral-de-seguridad-del-gobierno-de-san-juan\/","title":{"rendered":"Se fortalece el Plan Integral de Seguridad del Gobierno de San Juan"},"content":{"rendered":"<p>A la llegada del Gobernador de San Juan, Dr. Marcelo Orrego al acto de la ceremonia de nombramiento y toma de juramento a 197 nuevos agentes de la Polic\u00eda de San Juan, en Estacionamiento del Teatro del Bicentenario explic\u00f3 el trabajo que viene realizando en su gesti\u00f3n para fortalecer el Plan Integral de Seguridad del Gobierno de San Juan.<\/p>\n<p><iframe loading=\"lazy\" title=\"SAN JUAN GOBERNADOR DR MARCELO ORREGO\" width=\"800\" height=\"450\" src=\"https:\/\/www.youtube.com\/embed\/ttr89XWvPog?feature=oembed\" frameborder=\"0\" allow=\"accelerometer; autoplay; clipboard-write; encrypted-media; gyroscope; picture-in-picture; web-share\" referrerpolicy=\"strict-origin-when-cross-origin\" allowfullscreen><\/iframe><\/p>\n<p>Adem\u00e1s, el Secretario de Seguridad y Orden P\u00fablico, Dr. Gustavo S\u00e1nchez describi\u00f3 el trabajo de poner a la seguridad al servicio de la poblaci\u00f3n de San Juan para que podamos disfrutar de esta provincia tan importante por sus grandes valores.<\/p>\n<p><iframe loading=\"lazy\" title=\"SAN JUAN SEGURIDAD DR GUSTAVO S\u00c1NCHEZ\" width=\"800\" height=\"450\" src=\"https:\/\/www.youtube.com\/embed\/s9dVvi3BnL8?feature=oembed\" frameborder=\"0\" allow=\"accelerometer; autoplay; clipboard-write; encrypted-media; gyroscope; picture-in-picture; web-share\" referrerpolicy=\"strict-origin-when-cross-origin\" allowfullscreen><\/iframe><\/p>\n<p>&nbsp;<\/p>\n<p><img loading=\"lazy\" decoding=\"async\" class=\"alignnone size-full wp-image-59001\" src=\"https:\/\/vocesparalelas.com.ar\/sitio\/wp-content\/uploads\/2023\/05\/POLICIA-LOGO.jpg\" alt=\"\" width=\"800\" height=\"600\" srcset=\"https:\/\/vocesparalelas.com.ar\/sitio\/wp-content\/uploads\/2023\/05\/POLICIA-LOGO.jpg 800w, https:\/\/vocesparalelas.com.ar\/sitio\/wp-content\/uploads\/2023\/05\/POLICIA-LOGO-300x225.jpg 300w, https:\/\/vocesparalelas.com.ar\/sitio\/wp-content\/uploads\/2023\/05\/POLICIA-LOGO-768x576.jpg 768w\" sizes=\"auto, (max-width: 800px) 100vw, 800px\" \/><\/p>\n","protected":false},"excerpt":{"rendered":"<p>A la llegada del Gobernador de San Juan, Dr. Marcelo Orrego al acto de la ceremonia de nombramiento y toma<\/p>\n","protected":false},"author":3,"featured_media":75089,"comment_status":"closed","ping_status":"closed","sticky":false,"template":"","format":"standard","meta":{"_acf_changed":false,"_seopress_robots_primary_cat":"none","_seopress_titles_title":"","_seopress_titles_desc":"","_seopress_robots_index":"","colormag_page_container_layout":"default_layout","colormag_page_sidebar_layout":"default_layout","footnotes":""},"categories":[10,7],"tags":[],"class_list":["post-75086","post","type-post","status-publish","format-standard","has-post-thumbnail","hentry","category-opiniones","category-videos"],"acf":[],"_links":{"self":[{"href":"https:\/\/vocesparalelas.com.ar\/sitio\/wp-json\/wp\/v2\/posts\/75086","targetHints":{"allow":["GET"]}}],"collection":[{"href":"https:\/\/vocesparalelas.com.ar\/sitio\/wp-json\/wp\/v2\/posts"}],"about":[{"href":"https:\/\/vocesparalelas.com.ar\/sitio\/wp-json\/wp\/v2\/types\/post"}],"author":[{"embeddable":true,"href":"https:\/\/vocesparalelas.com.ar\/sitio\/wp-json\/wp\/v2\/users\/3"}],"replies":[{"embeddable":true,"href":"https:\/\/vocesparalelas.com.ar\/sitio\/wp-json\/wp\/v2\/comments?post=75086"}],"version-history":[{"count":3,"href":"https:\/\/vocesparalelas.com.ar\/sitio\/wp-json\/wp\/v2\/posts\/75086\/revisions"}],"predecessor-version":[{"id":75092,"href":"https:\/\/vocesparalelas.com.ar\/sitio\/wp-json\/wp\/v2\/posts\/75086\/revisions\/75092"}],"wp:featuredmedia":[{"embeddable":true,"href":"https:\/\/vocesparalelas.com.ar\/sitio\/wp-json\/wp\/v2\/media\/75089"}],"wp:attachment":[{"href":"https:\/\/vocesparalelas.com.ar\/sitio\/wp-json\/wp\/v2\/media?parent=75086"}],"wp:term":[{"taxonomy":"category","embeddable":true,"href":"https:\/\/vocesparalelas.com.ar\/sitio\/wp-json\/wp\/v2\/categories?post=75086"},{"taxonomy":"post_tag","embeddable":true,"href":"https:\/\/vocesparalelas.com.ar\/sitio\/wp-json\/wp\/v2\/tags?post=75086"}],"curies":[{"name":"wp","href":"https:\/\/api.w.org\/{rel}","templated":true}]}}