{"id":75079,"date":"2024-07-25T21:58:12","date_gmt":"2024-07-26T00:58:12","guid":{"rendered":"https:\/\/vocesparalelas.com.ar\/sitio\/?p=75079"},"modified":"2024-07-27T00:23:31","modified_gmt":"2024-07-27T03:23:31","slug":"lo-que-se-viene-en-educacion-de-san-juan-cuna-de-domingo-faustino-sarmiento","status":"publish","type":"post","link":"https:\/\/vocesparalelas.com.ar\/sitio\/lo-que-se-viene-en-educacion-de-san-juan-cuna-de-domingo-faustino-sarmiento\/","title":{"rendered":"Lo que se viene en Educaci\u00f3n de San Juan cuna de Domingo Faustino Sarmiento"},"content":{"rendered":"<p>Finalizaron las dos semanas de las Vacaciones de Invierno 2024 en San Juan, donde la Educaci\u00f3n escolar tom\u00f3 un respiro para tomar las fuerzas necesarias para retomar el segundo semestre con m\u00e1s fuerza.<\/p>\n<p>Adem\u00e1s, antes de esta instancia se lanz\u00f3 desde San Juan, espec\u00edficamente, desde la Casa Natal de Sarmiento el Plan Nacional de Alfabetizaci\u00f3n por parte del Presidente de la Rep\u00fablica Argentita, Economista Javier Miley, la Ministra de Capital Humano de la Naci\u00f3n, Lic. Sandra Pettovello y el Gobernador de San Juan, Dr. Marcelo Orrego.<\/p>\n<p>Por ello, Voces Paralelas\u00a0 desarroll\u00f3 una entrevista period\u00edstica a la Ministra de Educaci\u00f3n del Gobierno de San Juan, Lic. Silvia Fuentes, quien describi\u00f3 lo que se proyecta en San Juan a nivel de Educaci\u00f3n Formal en la cuna de de Domingo Faustino Sarmiento. .<\/p>\n<p><iframe loading=\"lazy\" title=\"SAN JUAN EDUCACI\u00d3N LIC SILVIA FUENTES\" width=\"800\" height=\"450\" src=\"https:\/\/www.youtube.com\/embed\/7XSY_9DzyD8?feature=oembed\" frameborder=\"0\" allow=\"accelerometer; autoplay; clipboard-write; encrypted-media; gyroscope; picture-in-picture; web-share\" referrerpolicy=\"strict-origin-when-cross-origin\" allowfullscreen><\/iframe><\/p>\n<p>&nbsp;<\/p>\n<p><img loading=\"lazy\" decoding=\"async\" class=\"alignnone size-full wp-image-28629\" src=\"https:\/\/vocesparalelas.com.ar\/sitio\/wp-content\/uploads\/2020\/05\/MINISTERIO-EDUCACION-SJ.jpg\" alt=\"\" width=\"800\" height=\"533\" srcset=\"https:\/\/vocesparalelas.com.ar\/sitio\/wp-content\/uploads\/2020\/05\/MINISTERIO-EDUCACION-SJ.jpg 800w, https:\/\/vocesparalelas.com.ar\/sitio\/wp-content\/uploads\/2020\/05\/MINISTERIO-EDUCACION-SJ-300x200.jpg 300w, https:\/\/vocesparalelas.com.ar\/sitio\/wp-content\/uploads\/2020\/05\/MINISTERIO-EDUCACION-SJ-768x512.jpg 768w\" sizes=\"auto, (max-width: 800px) 100vw, 800px\" \/><\/p>\n","protected":false},"excerpt":{"rendered":"<p>Finalizaron las dos semanas de las Vacaciones de Invierno 2024 en San Juan, donde la Educaci\u00f3n escolar tom\u00f3 un respiro<\/p>\n","protected":false},"author":3,"featured_media":75084,"comment_status":"closed","ping_status":"closed","sticky":false,"template":"","format":"standard","meta":{"_acf_changed":false,"_seopress_robots_primary_cat":"none","_seopress_titles_title":"","_seopress_titles_desc":"","_seopress_robots_index":"","colormag_page_container_layout":"default_layout","colormag_page_sidebar_layout":"default_layout","footnotes":""},"categories":[5,7],"tags":[],"class_list":["post-75079","post","type-post","status-publish","format-standard","has-post-thumbnail","hentry","category-ofrecimientos","category-videos"],"acf":[],"_links":{"self":[{"href":"https:\/\/vocesparalelas.com.ar\/sitio\/wp-json\/wp\/v2\/posts\/75079","targetHints":{"allow":["GET"]}}],"collection":[{"href":"https:\/\/vocesparalelas.com.ar\/sitio\/wp-json\/wp\/v2\/posts"}],"about":[{"href":"https:\/\/vocesparalelas.com.ar\/sitio\/wp-json\/wp\/v2\/types\/post"}],"author":[{"embeddable":true,"href":"https:\/\/vocesparalelas.com.ar\/sitio\/wp-json\/wp\/v2\/users\/3"}],"replies":[{"embeddable":true,"href":"https:\/\/vocesparalelas.com.ar\/sitio\/wp-json\/wp\/v2\/comments?post=75079"}],"version-history":[{"count":1,"href":"https:\/\/vocesparalelas.com.ar\/sitio\/wp-json\/wp\/v2\/posts\/75079\/revisions"}],"predecessor-version":[{"id":75085,"href":"https:\/\/vocesparalelas.com.ar\/sitio\/wp-json\/wp\/v2\/posts\/75079\/revisions\/75085"}],"wp:featuredmedia":[{"embeddable":true,"href":"https:\/\/vocesparalelas.com.ar\/sitio\/wp-json\/wp\/v2\/media\/75084"}],"wp:attachment":[{"href":"https:\/\/vocesparalelas.com.ar\/sitio\/wp-json\/wp\/v2\/media?parent=75079"}],"wp:term":[{"taxonomy":"category","embeddable":true,"href":"https:\/\/vocesparalelas.com.ar\/sitio\/wp-json\/wp\/v2\/categories?post=75079"},{"taxonomy":"post_tag","embeddable":true,"href":"https:\/\/vocesparalelas.com.ar\/sitio\/wp-json\/wp\/v2\/tags?post=75079"}],"curies":[{"name":"wp","href":"https:\/\/api.w.org\/{rel}","templated":true}]}}