{"id":75064,"date":"2024-07-25T20:28:59","date_gmt":"2024-07-25T23:28:59","guid":{"rendered":"https:\/\/vocesparalelas.com.ar\/sitio\/?p=75064"},"modified":"2024-07-27T00:24:02","modified_gmt":"2024-07-27T03:24:02","slug":"aprobo-la-ley-educar-para-salvar-vidas-para-la-concientizacion-en-las-escuelas-de-san-juan","status":"publish","type":"post","link":"https:\/\/vocesparalelas.com.ar\/sitio\/aprobo-la-ley-educar-para-salvar-vidas-para-la-concientizacion-en-las-escuelas-de-san-juan\/","title":{"rendered":"Aprob\u00f3 la Ley \u00abEducar para salvar vidas\u00bb para la concientizaci\u00f3n en las escuelas de San Juan"},"content":{"rendered":"<p>La C\u00e1mara de Diputados de San Juan desarroll\u00f3 la Sexta Sesi\u00f3n del Periodo Ordinario donde se aprob\u00f3 la Ley que implementa en las escuelas de San Juan la Campa\u00f1a de concientizaci\u00f3n y promoci\u00f3n de la donaci\u00f3n voluntaria de sangre \u00abEducar para salvar vidas\u00bb.<\/p>\n<p>La sesi\u00f3n estuvo presidida por el vicegobernador y presidente nato de la C\u00e1mara de Diputados, Dr. Fabi\u00e1n Mart\u00edn, quien estuvo acompa\u00f1ado por los secretarios Legislativo, Dr. Gustavo Velert y Administrativo, Lic. Jorge Fern\u00e1ndez.<\/p>\n<p>Cabe destacar que, en el inicio de la sesi\u00f3n la Orquesta Sinf\u00f3nica de la Universidad Nacional de San Juan interpret\u00f3 el Himno Nacional Argentino en el marco de los 50 a\u00f1os de su creaci\u00f3n. Por este motivo tambi\u00e9n, la Legislatura trat\u00f3 en primer lugar, el punto 49 del orden del d\u00eda y resolvi\u00f3 declarar de inter\u00e9s Social, Educativo y Cultural a la temporada de conciertos 2024 en el marco del aniversario de la Orquesta.<\/p>\n<p>&nbsp;<\/p>\n<p><iframe loading=\"lazy\" title=\"Juan Carlos Caballero - Director del Centro de Creaci\u00f3n Art\u00edstica Orquestal\" width=\"800\" height=\"450\" src=\"https:\/\/www.youtube.com\/embed\/a7vQbqNyaPo?feature=oembed\" frameborder=\"0\" allow=\"accelerometer; autoplay; clipboard-write; encrypted-media; gyroscope; picture-in-picture; web-share\" referrerpolicy=\"strict-origin-when-cross-origin\" allowfullscreen><\/iframe><\/p>\n<p>Por otro lado, aprob\u00f3 un proyecto de Ley que declar\u00f3 Bien integrante del Patrimonio Cultural y Natural de la provincia de San Juan al Circuito Ferroviario La Rinconada\u201d dentro de los alcances de la Ley 571-F. Asimismo, modific\u00f3 la Ley N\u00ba 1984-P que instituye la distinci\u00f3n \u201cMenci\u00f3n de Honor Maestro Mario P\u00e9rez\u201d.<\/p>\n<p><strong><span style=\"color: #666699;\">Por \u00faltimo, el cuerpo legislativo declar\u00f3 de inter\u00e9s lo siguiente el evento:<\/span><\/strong><\/p>\n<ul>\n<li>ArgOliva N\u00baXIV;<\/li>\n<li>la participaci\u00f3n de la delegaci\u00f3n sanjuanina en la 9\u00ba Copa del Mundo de Taekwondo;<\/li>\n<li>el documental de divulgaci\u00f3n cient\u00edfica \u201cRelatos de la Luna\u201d;<\/li>\n<li>la conmemoraci\u00f3n del 140\u00ba aniversario de la creaci\u00f3n del departamento Pocito;<\/li>\n<li>las actividades del Festival Gastron\u00f3mico de las provincias;<\/li>\n<li>el Certamen Nacional Absoluto del Patinaje Art\u00edstico;<\/li>\n<li>las actividades en honor a San Cayetano;<\/li>\n<li>el \u201cEncuentro \u00c1giles Argentina San Juan\u201d;<\/li>\n<li>las celebraciones en el marco del d\u00eda Provincial de la Tejedora en conmemoraci\u00f3n del 250\u00ba aniversario del natalicio de Do\u00f1a Paula Albarrac\u00edn de Sarmiento;<\/li>\n<li>la Fiesta del Chivo y la Chanfaina; y<\/li>\n<li>la celebraci\u00f3n por el 50\u00b0 Aniversario del CENS N\u00b069 profesora Mar\u00eda del Carmen Caballero Vidal.<\/li>\n<\/ul>\n<p><span style=\"color: #666699;\"><strong>Campa\u00f1a Educar para salvar vidas<\/strong><\/span><\/p>\n<p>Esta propuesta, impulsada por el interbloque Cambia San Juan, est\u00e1 dirigida a los alumnos, su grupo familiar y toda la comunidad educativa y busca educar sobre la donaci\u00f3n de sangre, como un acto voluntario, solidario, responsable y habitual, brindando la informaci\u00f3n necesaria para comprender su vital importancia.<\/p>\n<p>&nbsp;<\/p>\n<p><iframe loading=\"lazy\" title=\"Diputada Mar\u00eda Rita Lascano\" width=\"800\" height=\"450\" src=\"https:\/\/www.youtube.com\/embed\/akP4Wgzfrvs?feature=oembed\" frameborder=\"0\" allow=\"accelerometer; autoplay; clipboard-write; encrypted-media; gyroscope; picture-in-picture; web-share\" referrerpolicy=\"strict-origin-when-cross-origin\" allowfullscreen><\/iframe><\/p>\n<p>En la oportunidad, la diputada Mar\u00eda Lascano fue la encargada de fundamentar este punto del orden del d\u00eda. Durante su alocuci\u00f3n, agradeci\u00f3 en primer lugar a los presidentes de las Comisiones de Legislaci\u00f3n y Asuntos Constitucionales; Educaci\u00f3n, Ciencia, T\u00e9cnica y Cultura; y la comisi\u00f3n de Salud por haber tenido la generosidad de trabajar en conjunto en una reuni\u00f3n el d\u00eda martes pasado donde recibieron la visita de profesionales del IPHEM e integrantes de la Asociaci\u00f3n Civil Legado de Amor que hoy est\u00e1n acompa\u00f1ando en el recinto.<\/p>\n<p>A continuaci\u00f3n, se\u00f1al\u00f3 \u201cEducar para salvar vidas, tiene que ver con una campa\u00f1a que creemos que puede ser muy beneficiosa para todos los sanjuaninos y que busca generar conciencia desde muy temprana edad para que nuestros j\u00f3venes y sus familias, sus entornos, sus comunidades puedan entender la importancia que tiene la donaci\u00f3n de sangre en el Sistema Sanitario de Salud y en la sociedad en general. Se estima que nueve de cada diez sanjuaninos necesitan o pueden llegar a necesitar una transfusi\u00f3n de sangre en alg\u00fan momento de su vida. De ah\u00ed la importancia fundamental que tiene realizar acciones concretas desde el Estado que reviertan la situaci\u00f3n actual y es que nuestras reservas de sangre se est\u00e1n agotando\u201d.<\/p>\n<p>Seguidamente enfatiz\u00f3 \u201cNecesitamos cambiar el modelo actual que tenemos hoy y empezar a imitar algunas acciones que se generan en otros espacios, que hay en otros lugares del pa\u00eds. En la Ciudad Aut\u00f3noma de Buenos Aires esto ya se implementa, y desde las escuelas son los chicos los agentes multiplicadores de este mensaje noble, solidario, altruista, de querer colaborar con los dem\u00e1s. No sabemos en qu\u00e9 momento cualquiera de nosotros podemos necesitar sangre, y la sangre no se vende, la sangre no se fabrica, la sangre no se puede conseguir si no es por una donaci\u00f3n voluntaria. Es un proyecto que la verdad ha conmovido a todos los integrantes de las comisiones que han participado de esta reuni\u00f3n, a quienes agradezco la apertura\u201d.<\/p>\n<p>\u201cQuiero destacar el trabajo fundamental que lleva adelante el Instituto Provincial de Hemoterapia en la persona de la doctora Mar\u00eda del Rosario Roca, a la doctora Vanina Cirelli, a la licenciada Melisa Ochoa. Tambi\u00e9n a la Asociaci\u00f3n Civil Legado de Amor en la persona de su presidente, Miriam Riveros, y Mirna Quiroga, su secretaria; y a varios de los integrantes que hoy aqu\u00ed nos acompa\u00f1an\u201d expres\u00f3 la diputada Lascano.<\/p>\n<p>M\u00e1s tarde, la legisladora destac\u00f3 \u201cEl d\u00eda martes tuvimos el testimonio de Dainana Celedon, que hoy tambi\u00e9n est\u00e1 aqu\u00ed y que su historia de vida nos conmueve y tambi\u00e9n nos interpela como ciudadanos y a nosotros como legisladores en particular a tomar cartas en el asunto y entender la magnitud de lo que estamos viviendo. Necesitamos generar consciencia, necesitamos generar acciones concretas para que nuestro banco de sangre tenga reservas, tenga el equipamiento necesario para poder dar respuesta a este insumo que es vital para la vida. \u00a0Daina es trasplantada de m\u00e9dula, y con su relato, su historia, la verdad que en ella vemos a much\u00edsimos ciudadanos, a much\u00edsimos ni\u00f1os, personas que silenciosamente luchan por sus vidas, por su salud. Muchas veces las familias en vez de estar preocupadas por contener a los pacientes que est\u00e1n atravesando una enfermedad dif\u00edcil se ven obligados a estar buscando dadores de sangre porque no hay\u201d.<\/p>\n<p>Por \u00faltimo, manifest\u00f3 \u201cHoy los comprometo a todos los diputados a que trabajemos juntos en este asunto. La solidaridad se contagia, trabajemos en la promoci\u00f3n, seamos nosotros tambi\u00e9n agentes multiplicadores de este mensaje. En lo particular me conmueve much\u00edsimo. Hay historias de vida que nos interpelan, que nos tocan y que uno se siente desde el lugar que estamos como actores pol\u00edticos, qu\u00e9 hacemos, c\u00f3mo podemos ayudar a un ni\u00f1o que hoy tiene una enfermedad oncopedi\u00e1trica. Adem\u00e1s, pedirles a mis compa\u00f1eros, a los secretarios, y a usted se\u00f1or presidente que nos otorgue el permiso para poder hacer una colecta de sangre en conjunto con el IPHEM, pedirles a mis compa\u00f1eros, a todo el cuerpo de trabajadores de esta honorable C\u00e1mara que nos comprometamos y que tambi\u00e9n demos el ejemplo que se puede hacer un mont\u00f3n con un simple acto que no va a demorar m\u00e1s de media hora.<\/p>\n<p>Cabe se\u00f1alar que la normativa establece en el art\u00edculo segundo que es autoridad de aplicaci\u00f3n el Poder Ejecutivo a trav\u00e9s del Ministerio de Educaci\u00f3n o el organismo que en un futuro lo reemplace. Y en el art\u00edculo tercero, instaura que los contenidos de la Campa\u00f1a y la selecci\u00f3n de los miembros de la comunidad educativa a quienes est\u00e1 dirigida la misma, son establecidos por la autoridad de aplicaci\u00f3n, en el marco de la Ley N\u00b0 22.990 y Decreto N\u00ba 1338\/2004.<\/p>\n<p><span style=\"color: #666699;\"><strong>Circuito Ferroviario \u201cLa Rinconada\u201d declarado bien integrante del Patrimonio Cultural y Natural de San Juan<\/strong><\/span><\/p>\n<p>El cuerpo Legislativo declar\u00f3 bien integrante del Patrimonio Cultural y Natural de la Provincia de San Juan, dentro de los alcances de la Ley 571-F, al denominado Circuito Ferroviario La Rinconada conformado por conformado por el Puente Ferroviario de calle 15, Estaci\u00f3n San Mart\u00edn; Estaci\u00f3n de Villa Aberastain y Estaci\u00f3n S\u00e1nchez de Loria, departamento Pocito de la Provincia de San Juan. En la ocasi\u00f3n, hablaron las diputadas Rosana Luque y Stella Caparros.<\/p>\n<p>Asimismo, la Legislatura design\u00f3 al Circuito Ferroviario La Rinconada como Monumento Hist\u00f3rico y Lugar Natural e Hist\u00f3rico, en los t\u00e9rminos de la Ley N\u00ba 571-F, art\u00edculo 4\u00b0, inciso \u00abA\u00bb, apartado 1 e inciso \u00abB\u00bb apartado 6.<\/p>\n<p><span style=\"color: #666699;\"><strong>Modificaci\u00f3n de la Ley que instituye la Menci\u00f3n de Honor Mario P\u00e9rez<\/strong><\/span><\/p>\n<p>Luego, la Legislatura aprob\u00f3 el proyecto de Ley presentado por el interbloque Cambia San Juan, por el que se modifica la Ley n\u00ba 1984-P, que instituye la distinci\u00f3n \u201cMenci\u00f3n de Honor Maestro Mario P\u00e9rez\u201d. En la oportunidad, la diputada Alejandra Leonardo fue la encargada de brindar los argumentos de este asunto.<\/p>\n<p>Los cambios que se establecieron fueron:<\/p>\n<p><strong>Art\u00edculo 1\u00ba:\u00a0<\/strong>Se sustituye el art\u00edculo 1\u00ba de la Ley N\u00ba 1984-P, por el siguiente:<\/p>\n<p>Art\u00edculo 1\u00ba: Se instituye la distinci\u00f3n Menci\u00f3n de Honor Maestro Mario P\u00e9rez, a tres (3) artistas destacados de las artes pl\u00e1sticas y visuales de la Provincia, que debe ser otorgada en la semana del 14 de agosto por la C\u00e1mara de Diputados de San Juan.<\/p>\n<p><strong>Art\u00edculo 2\u00ba:\u00a0<\/strong>Se sustituye el art\u00edculo 2\u00ba de la Ley N\u00ba 1984-P, por el siguiente:<\/p>\n<p>Art\u00edculo 2\u00ba: La C\u00e1mara de Diputados, invita a postularse a las personas que deseen participar, con fecha l\u00edmite del \u00faltimo d\u00eda h\u00e1bil del mes de julio. La postulaci\u00f3n puede ser realizada por el interesado, o realizarla actores o referentes de las artes pl\u00e1sticas y visuales. Las nominaciones deben ser evaluadas conforme al m\u00e9todo de selecci\u00f3n que determine Presidencia.<\/p>\n<p><strong>Art\u00edculo 3\u00ba:\u00a0<\/strong>Se sustituye el art\u00edculo 3\u00ba de la Ley N\u00ba 1984-P, por el siguiente:<\/p>\n<p>Art\u00edculo 3\u00ba: Las distinciones deben consistir, en un (1) Diploma de Honor y la exposici\u00f3n p\u00fablica de sus obras en la C\u00e1mara de Diputados o galer\u00eda de relevancia cultural de la provincia de San Juan, conforme lo determine Presidencia.<strong>\u00a0<\/strong><\/p>\n<p><span style=\"color: #666699;\"><strong>Resoluciones<\/strong><\/span><\/p>\n<p>Por otro lado, el cuerpo Legislativo declar\u00f3 de inter\u00e9s:<\/p>\n<ul>\n<li><strong><span style=\"color: #666699;\">Cultural, educativo, comunitario y social<\/span> <\/strong>ArgOliva N\u00b0 XIV Encuentro Oliv\u00edcola Internacional. (Interbloque Cambia San Juan)<\/li>\n<li>Social y Deportivo la participaci\u00f3n de la Delegaci\u00f3n Sanjuanina en la 9\u00b0 Copa del Mundo Taekwon-do Mar del Plata-Argentina, 2024. (Interbloque Cambia San Juan)<\/li>\n<li>Cient\u00edfico, cultural, educativo y tur\u00edstico el Documental de divulgaci\u00f3n cient\u00edfica \u00abRelatos de la Luna\u00bb que muestra el producto de 20 a\u00f1os de investigaci\u00f3n y extensi\u00f3n del CONICET y de la Universidad Nacional de San Juan en el Parque Provincial Ischigualasto y su \u00e1rea de influencia. Adem\u00e1s, el proyecto de Resoluci\u00f3n propone al Poder Ejecutivo en los \u00e1mbitos educativo provincial y tur\u00edstico, como una forma de divulgaci\u00f3n y difusi\u00f3n de la riqueza natural y cultural del Parque Provincial lschigualasto. Y tambi\u00e9n destacar el trabajo cient\u00edfico, art\u00edstico y de producci\u00f3n de los autores y realizadores de este documental. (Diputado Mario Herrero y diputada Graciela Seva)<\/li>\n<li>Social, Cultural e Hist\u00f3rico las actividades a llevarse a cabo con motivo de conmemorarse el 09 de agosto el 140\u00ba Aniversario de la creaci\u00f3n del Departamento Pocito. (Diputada Stella Caparros)<\/li>\n<li>Provincial, social y cultural las actividades del \u00abFestival Gastron\u00f3mico de las Provincias\u00bb a realizarse los d\u00edas 9, 10 y 11 de agosto del corriente en la Provincia de San Juan. (Interbloque Cambia San Juan)<\/li>\n<li>Deportivo, social y tur\u00edstico al certamen \u00abNacional Absoluto del Patinaje Art\u00edstico\u00bb, que se celebra desde el 8 al 18 de agosto del 2024 en el Vel\u00f3dromo Multiprop\u00f3sito Vicente Alejo Chancay de la Provincia de San Juan. (Bloque Frente Renovador San Juan)<\/li>\n<li>Religioso, cultural y social las actividades a realizarse con motivo de conmem\u00f3rese la festividad en honor a San Cayetano, Patrono de la Providencia la que se llevar\u00e1 a cabo el d\u00eda 8 de agosto del a\u00f1o 2024 en la Capilla de San Cayetano ubicada en Barrio Parque Industrial, Chimbas. (Bloque San Juan Te Quiero)<\/li>\n<li>Social y educativo \u00abEl Encuentro Agiles Argentina San Juan 2024\u201d que se llevar\u00e1 a cabo el viernes 9 y s\u00e1bado 10 de agosto en aulas de la Facultad de Ciencias Sociales y culminar\u00e1 en el Sal\u00f3n de Actos.<\/li>\n<li>Social y cultural a las celebraciones en el marco del d\u00eda Provincial de la Tejedora, conmemorando el 250\u00ba Aniversario del natalicio de Do\u00f1a Paula Albarrac\u00edn de Sarmiento, a realizarse a partir del 27 de junio de 2024. (Diputada Sonia Ferreyra)<\/li>\n<li>Social, educativo y cultural a la temporada de conciertos 2024 de la \u00abOrquesta Sinf\u00f3nica de la Universidad Nacional de San Juan (UNSJ)\u00bb en el marco del 50\u00ba Aniversario de su creaci\u00f3n. (Interbloque Cambia San Juan)<\/li>\n<li>Social, Cultural y Tur\u00edstico la Fiesta del Chivo y la Chanfaina organizado por la Municipalidad de 25 de Mayo. (Diputado Juan Carlos Quiroga Moyano)<\/li>\n<li>Cultural, Educativo y Social el 50\u00b0 Aniversario del CENS N\u00b069 Prof. Mar\u00eda del Carmen Caballero Vidal. (Diputado Luis Rueda)<\/li>\n<\/ul>\n<figure id=\"attachment_37951\" aria-describedby=\"caption-attachment-37951\" style=\"width: 800px\" class=\"wp-caption alignnone\"><img loading=\"lazy\" decoding=\"async\" class=\"size-full wp-image-37951\" src=\"https:\/\/vocesparalelas.com.ar\/sitio\/wp-content\/uploads\/2021\/05\/CAMARA-EDIFICIO.jpg\" alt=\"\" width=\"800\" height=\"515\" srcset=\"https:\/\/vocesparalelas.com.ar\/sitio\/wp-content\/uploads\/2021\/05\/CAMARA-EDIFICIO.jpg 800w, https:\/\/vocesparalelas.com.ar\/sitio\/wp-content\/uploads\/2021\/05\/CAMARA-EDIFICIO-300x193.jpg 300w, https:\/\/vocesparalelas.com.ar\/sitio\/wp-content\/uploads\/2021\/05\/CAMARA-EDIFICIO-768x494.jpg 768w\" sizes=\"auto, (max-width: 800px) 100vw, 800px\" \/><figcaption id=\"caption-attachment-37951\" class=\"wp-caption-text\">Legislatura Provincial de San Juan, Rep\u00fablica Argentina<\/figcaption><\/figure>\n","protected":false},"excerpt":{"rendered":"<p>La C\u00e1mara de Diputados de San Juan desarroll\u00f3 la Sexta Sesi\u00f3n del Periodo Ordinario donde se aprob\u00f3 la Ley que<\/p>\n","protected":false},"author":3,"featured_media":75067,"comment_status":"closed","ping_status":"closed","sticky":false,"template":"","format":"standard","meta":{"_acf_changed":false,"_seopress_robots_primary_cat":"none","_seopress_titles_title":"","_seopress_titles_desc":"","_seopress_robots_index":"","colormag_page_container_layout":"default_layout","colormag_page_sidebar_layout":"default_layout","footnotes":""},"categories":[5,7],"tags":[],"class_list":["post-75064","post","type-post","status-publish","format-standard","has-post-thumbnail","hentry","category-ofrecimientos","category-videos"],"acf":[],"_links":{"self":[{"href":"https:\/\/vocesparalelas.com.ar\/sitio\/wp-json\/wp\/v2\/posts\/75064","targetHints":{"allow":["GET"]}}],"collection":[{"href":"https:\/\/vocesparalelas.com.ar\/sitio\/wp-json\/wp\/v2\/posts"}],"about":[{"href":"https:\/\/vocesparalelas.com.ar\/sitio\/wp-json\/wp\/v2\/types\/post"}],"author":[{"embeddable":true,"href":"https:\/\/vocesparalelas.com.ar\/sitio\/wp-json\/wp\/v2\/users\/3"}],"replies":[{"embeddable":true,"href":"https:\/\/vocesparalelas.com.ar\/sitio\/wp-json\/wp\/v2\/comments?post=75064"}],"version-history":[{"count":1,"href":"https:\/\/vocesparalelas.com.ar\/sitio\/wp-json\/wp\/v2\/posts\/75064\/revisions"}],"predecessor-version":[{"id":75068,"href":"https:\/\/vocesparalelas.com.ar\/sitio\/wp-json\/wp\/v2\/posts\/75064\/revisions\/75068"}],"wp:featuredmedia":[{"embeddable":true,"href":"https:\/\/vocesparalelas.com.ar\/sitio\/wp-json\/wp\/v2\/media\/75067"}],"wp:attachment":[{"href":"https:\/\/vocesparalelas.com.ar\/sitio\/wp-json\/wp\/v2\/media?parent=75064"}],"wp:term":[{"taxonomy":"category","embeddable":true,"href":"https:\/\/vocesparalelas.com.ar\/sitio\/wp-json\/wp\/v2\/categories?post=75064"},{"taxonomy":"post_tag","embeddable":true,"href":"https:\/\/vocesparalelas.com.ar\/sitio\/wp-json\/wp\/v2\/tags?post=75064"}],"curies":[{"name":"wp","href":"https:\/\/api.w.org\/{rel}","templated":true}]}}