{"id":75060,"date":"2024-07-25T19:35:28","date_gmt":"2024-07-25T22:35:28","guid":{"rendered":"https:\/\/vocesparalelas.com.ar\/sitio\/?p=75060"},"modified":"2024-07-26T22:49:59","modified_gmt":"2024-07-27T01:49:59","slug":"periodos-habilitados-para-la-pescar-en-san-juan","status":"publish","type":"post","link":"https:\/\/vocesparalelas.com.ar\/sitio\/periodos-habilitados-para-la-pescar-en-san-juan\/","title":{"rendered":"Periodos habilitados para la pescar en San Juan"},"content":{"rendered":"<p>La Secretar\u00eda de Ambiente y Desarrollo Sustentable del Gobierno de San Juan, por medio de la Subsecretar\u00eda de Conservaci\u00f3n, reglament\u00f3 los periodos habilitados para pescar en San Juan.<\/p>\n<p>La actividad est\u00e1 vedada desde el 1 de Julio al 14 de Septiembre de 2024, inclusive, para la pesca de<\/p>\n<ul>\n<li>trucha arco iris,<\/li>\n<li>trucha marr\u00f3n,<\/li>\n<li>trucha de arroyo o salmonada<\/li>\n<\/ul>\n<p>El periodo de pesca con devoluci\u00f3n obligatoria se extiende desde el 1 de Mayo al 30 de Junio, inclusive; y del 15 de Septiembre al 31 de Octubre. La posibilidad de extracci\u00f3n comienza el 1 de Noviembre de 2024 hasta el 30 de Abril de 2025, con sacrificio de hasta cinco ejemplares por pescador por d\u00eda. No hay l\u00edmites de tama\u00f1o.<\/p>\n<p>En la resoluci\u00f3n 337 que se public\u00f3 en el Bolet\u00edn Oficial se establece que se mantiene la obligatoriedad de la devoluci\u00f3n de especies nativas como trucha criolla, todas las especies de bagres, anguilas y cangrejos. La duraci\u00f3n del d\u00eda de pesca coincide con las horas de luz diurna, quedando estrictamente prohibida la pesca fuera de dicho horario.<\/p>\n<p>En los cursos de agua habilitados para la pesca de salm\u00f3nidos puede emplearse solamente una ca\u00f1a por pescador, la que \u00fanicamente puede contar con se\u00f1uelos artificiales, con anzuelos con o sin rebaba, indistintamente la modalidad de pesca.<\/p>\n<p>Est\u00e1 prohibido el uso de carnada natural viva o muerta, como as\u00ed tambi\u00e9n todo tipo de carnada procedentes de especies aut\u00f3ctonas. \u00danicamente puede contar con un solo se\u00f1uelo artificial con un anzuelo simple, doble o triple respetando las restricciones particulares previstas en cada \u00e1rea de manejo.<\/p>\n<p><strong><span style=\"color: #ff6600;\">Reglamentaci\u00f3n en Diques y Embalses<\/span><\/strong><\/p>\n<p>El periodo de extracci\u00f3n es desde el 1 de Diciembre hasta el 14 de Agosto, inclusive; mientras que la veda rige desde el 15 de Agosto al 30 de Noviembre, aunque en Los Cauquenes y Caracoles se mantiene durante todo el a\u00f1o.<\/p>\n<p>En el Dique San Agust\u00edn se puede pescar hasta quince ejemplares de pejerrey y\/o diez de sogyo por pescador por d\u00eda. En el de Ullum son veinticinco ejemplares de pejerrey por pescador por d\u00eda. En Punta Negra son diez ejemplares de pejerrey y hasta una trucha por pescador por d\u00eda. En Cuesta del Viento se habilit\u00f3 veinticinco pejerreyes por pescador diario.<\/p>\n<p>Para la pesca en diques y embalses se pueden usar dos ca\u00f1as por pescador con un m\u00e1ximo de dos anzuelos simple.<\/p>\n<p>Se permite la pesca durante todo el a\u00f1o y sin l\u00edmite de extracci\u00f3n de las siguientes especies: Carpas; Chanchitas; Dientudos; Viejas del Agua y todas las especies de Mojarras.<\/p>\n<p>Con el fin de motivar el turismo en \u00e9pocas de veda, se permite la pesca deportiva de pejerrey con m\u00e1ximo de extracci\u00f3n de tres ejemplares por pescador por d\u00eda. Esto regir\u00e1 solamente s\u00e1bados, domingos y feriados.<\/p>\n<p><img loading=\"lazy\" decoding=\"async\" class=\"alignnone size-full wp-image-31318\" src=\"https:\/\/vocesparalelas.com.ar\/sitio\/wp-content\/uploads\/2020\/09\/DIQUE-ULLUM.jpg\" alt=\"\" width=\"800\" height=\"450\" srcset=\"https:\/\/vocesparalelas.com.ar\/sitio\/wp-content\/uploads\/2020\/09\/DIQUE-ULLUM.jpg 800w, https:\/\/vocesparalelas.com.ar\/sitio\/wp-content\/uploads\/2020\/09\/DIQUE-ULLUM-300x169.jpg 300w, https:\/\/vocesparalelas.com.ar\/sitio\/wp-content\/uploads\/2020\/09\/DIQUE-ULLUM-768x432.jpg 768w\" sizes=\"auto, (max-width: 800px) 100vw, 800px\" \/><\/p>\n","protected":false},"excerpt":{"rendered":"<p>La Secretar\u00eda de Ambiente y Desarrollo Sustentable del Gobierno de San Juan, por medio de la Subsecretar\u00eda de Conservaci\u00f3n, reglament\u00f3<\/p>\n","protected":false},"author":3,"featured_media":29010,"comment_status":"closed","ping_status":"closed","sticky":false,"template":"","format":"standard","meta":{"_acf_changed":false,"_seopress_robots_primary_cat":"none","_seopress_titles_title":"","_seopress_titles_desc":"","_seopress_robots_index":"","colormag_page_container_layout":"default_layout","colormag_page_sidebar_layout":"default_layout","footnotes":""},"categories":[2],"tags":[],"class_list":["post-75060","post","type-post","status-publish","format-standard","has-post-thumbnail","hentry","category-convocatorias"],"acf":[],"_links":{"self":[{"href":"https:\/\/vocesparalelas.com.ar\/sitio\/wp-json\/wp\/v2\/posts\/75060","targetHints":{"allow":["GET"]}}],"collection":[{"href":"https:\/\/vocesparalelas.com.ar\/sitio\/wp-json\/wp\/v2\/posts"}],"about":[{"href":"https:\/\/vocesparalelas.com.ar\/sitio\/wp-json\/wp\/v2\/types\/post"}],"author":[{"embeddable":true,"href":"https:\/\/vocesparalelas.com.ar\/sitio\/wp-json\/wp\/v2\/users\/3"}],"replies":[{"embeddable":true,"href":"https:\/\/vocesparalelas.com.ar\/sitio\/wp-json\/wp\/v2\/comments?post=75060"}],"version-history":[{"count":1,"href":"https:\/\/vocesparalelas.com.ar\/sitio\/wp-json\/wp\/v2\/posts\/75060\/revisions"}],"predecessor-version":[{"id":75063,"href":"https:\/\/vocesparalelas.com.ar\/sitio\/wp-json\/wp\/v2\/posts\/75060\/revisions\/75063"}],"wp:featuredmedia":[{"embeddable":true,"href":"https:\/\/vocesparalelas.com.ar\/sitio\/wp-json\/wp\/v2\/media\/29010"}],"wp:attachment":[{"href":"https:\/\/vocesparalelas.com.ar\/sitio\/wp-json\/wp\/v2\/media?parent=75060"}],"wp:term":[{"taxonomy":"category","embeddable":true,"href":"https:\/\/vocesparalelas.com.ar\/sitio\/wp-json\/wp\/v2\/categories?post=75060"},{"taxonomy":"post_tag","embeddable":true,"href":"https:\/\/vocesparalelas.com.ar\/sitio\/wp-json\/wp\/v2\/tags?post=75060"}],"curies":[{"name":"wp","href":"https:\/\/api.w.org\/{rel}","templated":true}]}}