{"id":75004,"date":"2024-07-24T21:05:44","date_gmt":"2024-07-25T00:05:44","guid":{"rendered":"https:\/\/vocesparalelas.com.ar\/sitio\/?p=75004"},"modified":"2024-07-25T23:30:55","modified_gmt":"2024-07-26T02:30:55","slug":"8a-edicion-de-la-maraton-de-san-juan-2","status":"publish","type":"post","link":"https:\/\/vocesparalelas.com.ar\/sitio\/8a-edicion-de-la-maraton-de-san-juan-2\/","title":{"rendered":"8\u00aa edici\u00f3n de la Marat\u00f3n de San Juan"},"content":{"rendered":"<p>La 8\u00aa edici\u00f3n de la Marat\u00f3n de San Juan se avecina con grandes novedades y un circuito renovado que promete una experiencia inigualable para los corredores, el Domingo, 28 de Julio, se desarrolla en condiciones clim\u00e1ticas ideales con temperaturas que oscilan entre 6\u00b0C y 17\u00b0C, brindando el entorno perfecto para superar marcas personales.<\/p>\n<p>La competencia cuenta con la presencia de participantes de San Juan, de diferentes provincias de Argentina\u00a0 y con participantes extranjeros, lo que suma m\u00e1s de 3.000 deportistas que llegan a la Provincia de San Juan. Es la edici\u00f3n m\u00e1s convocante desde los inicios de la competencia.<\/p>\n<p><span style=\"color: #ff6600;\"><strong>Categor\u00edas<\/strong><\/span><\/p>\n<ul>\n<li>La carrera de 42 km inicia en el Dique Punta Negra y contin\u00faa a lo largo del perilago, pasando por cerros y vi\u00f1edos, cruzando la Quebrada de Zonda, el Aut\u00f3dromo El Zonda y transitando por la Ruta del Sol antes de llegar a la Avenida Libertador Gral. San Mart\u00edn, para llegar al coraz\u00f3n de la ciudad y finaliza frente al Teatro del Bicentenario.<\/li>\n<li>La distancia de 21 km tiene inici\u00f3 en la quebrada de Zonda, con finalizaci\u00f3n en el Teatro del Bicentenario. Por su parte los 10km tendr\u00e1n inici\u00f3 en el Almendro Sport en Rivadavia, con cierre en el Teatro del Bicentenario. Y para finalizar, la distancia participativa de 5km tendr\u00e1 como lugar de inicio el Patio Alvear Shopping con finalizaci\u00f3n en el Teatro del Bicentenario.<\/li>\n<\/ul>\n<p><img loading=\"lazy\" decoding=\"async\" class=\"alignnone size-full wp-image-56116\" src=\"https:\/\/vocesparalelas.com.ar\/sitio\/wp-content\/uploads\/2023\/01\/EMBALSE-PUNTA-NEGRA.jpg\" alt=\"\" width=\"800\" height=\"450\" srcset=\"https:\/\/vocesparalelas.com.ar\/sitio\/wp-content\/uploads\/2023\/01\/EMBALSE-PUNTA-NEGRA.jpg 800w, https:\/\/vocesparalelas.com.ar\/sitio\/wp-content\/uploads\/2023\/01\/EMBALSE-PUNTA-NEGRA-300x169.jpg 300w, https:\/\/vocesparalelas.com.ar\/sitio\/wp-content\/uploads\/2023\/01\/EMBALSE-PUNTA-NEGRA-768x432.jpg 768w\" sizes=\"auto, (max-width: 800px) 100vw, 800px\" \/><\/p>\n<p>La presentaci\u00f3n de la 8\u00aa edici\u00f3n de la Marat\u00f3n de San Juan cont\u00f3 con la presencia del vicegobernador de San Juan, Dr. Fabi\u00e1n Mart\u00edn; el secretario de Deporte, Dr. Pablo Tabachnik; el gerente general de Adventure Pro y organizador de la marat\u00f3n, Mauro Ayesa; el Secretario de Gobierno de la Municipalidad de Capital, la atleta proveniente de Estados Unidos, Sarah Kristin Garthe; el asesor de la Secretar\u00eda de Deporte, Gonzalo Tellechea.<\/p>\n<p>El Secretario de Deporte, Dr. Pablo Tabachnik, se refiri\u00f3 a la llegada de competidores de diferentes puntos de nuestro pa\u00eds y del exterior a nuestra provincia, lo que impulsar\u00e1 no solo la actividad deportiva, sino que tambi\u00e9n el desarrollo econ\u00f3mico de San Juan. \u201cEl deporte es pol\u00edtica de estado, estos eventos deportivos son muy importantes para todos los sanjuaninos, no solo desde el aspecto deportivo, sino que tambi\u00e9n desde el lado tur\u00edstico. Llegar\u00e1n m\u00e1s de 2.200 competidores desde otras provincias y m\u00e1s de 50 de pa\u00edses lim\u00edtrofes, lo que deja en claro el impacto de eventos deportivos de esta \u00edndole, en el cual se recorre gran parte de nuestra hermosa provincia\u201d.<\/p>\n<p>Por su parte, y para finalizar la conferencia de prensa, el vicegobernador, Dr. Fabi\u00e1n Mart\u00edn destac\u00f3 que \u00abel deporte es una actividad noble, generadora de valores. Van a ser m\u00e1s de 3.000 participantes, lo que demuestra que esta disciplina es sumamente importante, que crece d\u00eda a d\u00eda y siempre hay alg\u00fan sanjuanino destac\u00e1ndose en nuestro pa\u00eds y en el mundo. San Juan es un polo atractivo tanto desde lo deportivo como de lo tur\u00edstico, esta carrera recorrer\u00e1 gran parte de nuestra provincia, se ha elegido la ruta donde se va a competir, que parte desde el Dique Punta Negra, pasando por la Quebrada de Zonda, el Aut\u00f3dromo el zonda, recorriendo la ruta del sol y llegando al Teatro del Bicentenario\u201d.<\/p>\n<p><img loading=\"lazy\" decoding=\"async\" class=\"alignnone size-full wp-image-51021\" src=\"https:\/\/vocesparalelas.com.ar\/sitio\/wp-content\/uploads\/2022\/07\/MARATON-INTERNACIONAL-03.jpg\" alt=\"\" width=\"800\" height=\"450\" srcset=\"https:\/\/vocesparalelas.com.ar\/sitio\/wp-content\/uploads\/2022\/07\/MARATON-INTERNACIONAL-03.jpg 800w, https:\/\/vocesparalelas.com.ar\/sitio\/wp-content\/uploads\/2022\/07\/MARATON-INTERNACIONAL-03-300x169.jpg 300w, https:\/\/vocesparalelas.com.ar\/sitio\/wp-content\/uploads\/2022\/07\/MARATON-INTERNACIONAL-03-768x432.jpg 768w\" sizes=\"auto, (max-width: 800px) 100vw, 800px\" \/><\/p>\n","protected":false},"excerpt":{"rendered":"<p>La 8\u00aa edici\u00f3n de la Marat\u00f3n de San Juan se avecina con grandes novedades y un circuito renovado que promete<\/p>\n","protected":false},"author":3,"featured_media":75007,"comment_status":"closed","ping_status":"closed","sticky":false,"template":"","format":"standard","meta":{"_acf_changed":false,"_seopress_robots_primary_cat":"none","_seopress_titles_title":"","_seopress_titles_desc":"","_seopress_robots_index":"","colormag_page_container_layout":"default_layout","colormag_page_sidebar_layout":"default_layout","footnotes":""},"categories":[6],"tags":[],"class_list":["post-75004","post","type-post","status-publish","format-standard","has-post-thumbnail","hentry","category-eventos"],"acf":[],"_links":{"self":[{"href":"https:\/\/vocesparalelas.com.ar\/sitio\/wp-json\/wp\/v2\/posts\/75004","targetHints":{"allow":["GET"]}}],"collection":[{"href":"https:\/\/vocesparalelas.com.ar\/sitio\/wp-json\/wp\/v2\/posts"}],"about":[{"href":"https:\/\/vocesparalelas.com.ar\/sitio\/wp-json\/wp\/v2\/types\/post"}],"author":[{"embeddable":true,"href":"https:\/\/vocesparalelas.com.ar\/sitio\/wp-json\/wp\/v2\/users\/3"}],"replies":[{"embeddable":true,"href":"https:\/\/vocesparalelas.com.ar\/sitio\/wp-json\/wp\/v2\/comments?post=75004"}],"version-history":[{"count":1,"href":"https:\/\/vocesparalelas.com.ar\/sitio\/wp-json\/wp\/v2\/posts\/75004\/revisions"}],"predecessor-version":[{"id":75008,"href":"https:\/\/vocesparalelas.com.ar\/sitio\/wp-json\/wp\/v2\/posts\/75004\/revisions\/75008"}],"wp:featuredmedia":[{"embeddable":true,"href":"https:\/\/vocesparalelas.com.ar\/sitio\/wp-json\/wp\/v2\/media\/75007"}],"wp:attachment":[{"href":"https:\/\/vocesparalelas.com.ar\/sitio\/wp-json\/wp\/v2\/media?parent=75004"}],"wp:term":[{"taxonomy":"category","embeddable":true,"href":"https:\/\/vocesparalelas.com.ar\/sitio\/wp-json\/wp\/v2\/categories?post=75004"},{"taxonomy":"post_tag","embeddable":true,"href":"https:\/\/vocesparalelas.com.ar\/sitio\/wp-json\/wp\/v2\/tags?post=75004"}],"curies":[{"name":"wp","href":"https:\/\/api.w.org\/{rel}","templated":true}]}}