{"id":74996,"date":"2024-07-23T21:25:17","date_gmt":"2024-07-24T00:25:17","guid":{"rendered":"https:\/\/vocesparalelas.com.ar\/sitio\/?p=74996"},"modified":"2024-07-24T22:25:09","modified_gmt":"2024-07-25T01:25:09","slug":"disfruta-las-actividades-en-el-chalet-cantoni-casa-cultural-de-san-juan","status":"publish","type":"post","link":"https:\/\/vocesparalelas.com.ar\/sitio\/disfruta-las-actividades-en-el-chalet-cantoni-casa-cultural-de-san-juan\/","title":{"rendered":"Disfruta las actividades en el Chalet Cantoni Casa Cultural de San Juan"},"content":{"rendered":"<p>En el Chalet Cantoni Casa Cultural lleva adelante una serie de actividades de las que puede disfrutar el p\u00fablico en general.<\/p>\n<p><strong><span style=\"color: #ff6600;\">Cronograma<\/span><\/strong><\/p>\n<ul>\n<li>Jueves 25 de Julio, a las 20 hs, se realizar\u00e1 una Live Session de Nacho y los Cheddar, donde se llevar\u00e1 a cabo un registro audiovisual de un show interactivo con el p\u00fablico. El power tr\u00edo de rock fusi\u00f3n est\u00e1 liderado por Nacho Aubone en guitarra y voz principal, Santiago Javier Medina Hascher en bajo y Agust\u00edn Sim\u00f3n G\u00f3mez M\u00e1s en bater\u00eda. La sesi\u00f3n presenta un cupo limitado de veinte personas espectadoras, el valor de la entrada es de $5000 y los interesados podr\u00e1n adquirirlas al 2644862058.<\/li>\n<li>Viernes 26 de Julio, los visitantes pueden formar parte de un evento donde se descubre un mundo de aromas y sabores de grandes maestros cerveceros, quienes transmitir\u00e1n sus secretos de producci\u00f3n, sus ingredientes especiales y su impronta en cada estilo de cerveza.<\/li>\n<li>La Noche de las F\u00e1bricas congregar\u00e1, desde las 18 hs, a productores de cerveza artesanal de San Juan de todas las escalas. En este marco, los asistentes conocen m\u00e1s de diez cervecer\u00edas locales y adentrarse en la cultura cervecera local. La entrada es libre y gratuita, y consta de cinco grupos, cupos limitados de 20 personas, con horarios asignados 19, 20, 21, 22 y 23 hs. Hay gastronom\u00eda con sector de fuegos y foodtrucks, intervenciones de tipo circense, intervenciones art\u00edsticas urbanas, show en vivo de la banda \u2018\u2018De la Lora\u2019\u2019 que deleitar\u00e1 con covers de rock nacional e internacional, adem\u00e1s de la m\u00fasica de la mano del DJ Ben Rivero.<\/li>\n<li>S\u00e1bado, 27 de Julio se realiza el Taller de Introducci\u00f3n al Caf\u00e9 de Especialidad, organizado por la Academia de Baristas. El mismo se llevar\u00e1 a cabo a las 11 hs y tendr\u00e1 un con un costo de $7.000 e inscripci\u00f3n previa en este link <a href=\"https:\/\/academiadebaristas.mitiendanube.com\/productos\/introduccion-al-cafe-de-especialidad-chalet-cantoni\/\">https:\/\/academiadebaristas.mitiendanube.com\/productos\/introduccion-al-cafe-de-especialidad-chalet-cantoni\/ <\/a>Cabe mencionar que en este curso especializado, se explorar\u00e1 desde la teor\u00eda detr\u00e1s del grano de caf\u00e9 hasta los m\u00e9todos de recolecci\u00f3n y los distintos tipos de fermentaci\u00f3n que influyen en su sabor. Se aprender\u00e1 sobre los pa\u00edses de origen del caf\u00e9 y los diversos tipos de tueste que afectan sus perfiles arom\u00e1ticos y gustativos. Los participantes se sumergen en los m\u00e9todos de filtrado, ofreciendo alternativas innovadoras a la tradicional m\u00e1quina expresso, como la prensa francesa, la Chemex, la V60, la cafetera italiana y el Aeropress. Se conocer\u00e1n las recetas espec\u00edficas para cada m\u00e9todo y c\u00f3mo influencian el perfil de sabor en la taza, permitiendo apreciar la complejidad y variedad del caf\u00e9 de una manera nueva y emocionante.<\/li>\n<\/ul>\n<p>&nbsp;<\/p>\n<p>&nbsp;<\/p>\n<p>&nbsp;<\/p>\n","protected":false},"excerpt":{"rendered":"<p>En el Chalet Cantoni Casa Cultural lleva adelante una serie de actividades de las que puede disfrutar el p\u00fablico en<\/p>\n","protected":false},"author":3,"featured_media":46297,"comment_status":"closed","ping_status":"closed","sticky":false,"template":"","format":"standard","meta":{"_acf_changed":false,"_seopress_robots_primary_cat":"none","_seopress_titles_title":"","_seopress_titles_desc":"","_seopress_robots_index":"","colormag_page_container_layout":"default_layout","colormag_page_sidebar_layout":"default_layout","footnotes":""},"categories":[20],"tags":[],"class_list":["post-74996","post","type-post","status-publish","format-standard","has-post-thumbnail","hentry","category-cartelera"],"acf":[],"_links":{"self":[{"href":"https:\/\/vocesparalelas.com.ar\/sitio\/wp-json\/wp\/v2\/posts\/74996","targetHints":{"allow":["GET"]}}],"collection":[{"href":"https:\/\/vocesparalelas.com.ar\/sitio\/wp-json\/wp\/v2\/posts"}],"about":[{"href":"https:\/\/vocesparalelas.com.ar\/sitio\/wp-json\/wp\/v2\/types\/post"}],"author":[{"embeddable":true,"href":"https:\/\/vocesparalelas.com.ar\/sitio\/wp-json\/wp\/v2\/users\/3"}],"replies":[{"embeddable":true,"href":"https:\/\/vocesparalelas.com.ar\/sitio\/wp-json\/wp\/v2\/comments?post=74996"}],"version-history":[{"count":1,"href":"https:\/\/vocesparalelas.com.ar\/sitio\/wp-json\/wp\/v2\/posts\/74996\/revisions"}],"predecessor-version":[{"id":74999,"href":"https:\/\/vocesparalelas.com.ar\/sitio\/wp-json\/wp\/v2\/posts\/74996\/revisions\/74999"}],"wp:featuredmedia":[{"embeddable":true,"href":"https:\/\/vocesparalelas.com.ar\/sitio\/wp-json\/wp\/v2\/media\/46297"}],"wp:attachment":[{"href":"https:\/\/vocesparalelas.com.ar\/sitio\/wp-json\/wp\/v2\/media?parent=74996"}],"wp:term":[{"taxonomy":"category","embeddable":true,"href":"https:\/\/vocesparalelas.com.ar\/sitio\/wp-json\/wp\/v2\/categories?post=74996"},{"taxonomy":"post_tag","embeddable":true,"href":"https:\/\/vocesparalelas.com.ar\/sitio\/wp-json\/wp\/v2\/tags?post=74996"}],"curies":[{"name":"wp","href":"https:\/\/api.w.org\/{rel}","templated":true}]}}