{"id":74992,"date":"2024-07-23T22:15:28","date_gmt":"2024-07-24T01:15:28","guid":{"rendered":"https:\/\/vocesparalelas.com.ar\/sitio\/?p=74992"},"modified":"2024-07-24T02:15:48","modified_gmt":"2024-07-24T05:15:48","slug":"resolucion-del-plenario-de-delegados-escolares-de-udap-y-la-marcha-de-las-antorchas-en-san-juan","status":"publish","type":"post","link":"https:\/\/vocesparalelas.com.ar\/sitio\/resolucion-del-plenario-de-delegados-escolares-de-udap-y-la-marcha-de-las-antorchas-en-san-juan\/","title":{"rendered":"Resoluci\u00f3n del plenario de Delegados Escolares de UDAP y la Marcha de las Antorchas en San Juan"},"content":{"rendered":"<p>El Secretariado Ejecutivo de la Uni\u00f3n Docentes Agremiados Provinciales de San Juan &#8211; UDAP &#8211; informa lo resuelto en plenario de Delegados Escolares:<\/p>\n<p>1) Repudiamos el descuento al d\u00eda de paro por considerarlo una medida que intenta disciplinar y que atenta contra nuestro derecho a reclamo. M\u00e1s a\u00fan repudiamos de manera contundente que se haya informado que el dinero recaudado por el descuento del d\u00eda de paro haya sido destinado a fines que ya debieron estar presentes en cada instituci\u00f3n educativa. NO SE PUEDE EQUIPAR UNA INSTITUCI\u00d3N CON\u00a0LA NECESIDAD DOCENTE. Es responsabilidad del estado asegurar el equipamiento, educaci\u00f3n de calidad y salarios dignos. A\u00fan hay docentes sin cobrar desde marzo y con fecha incierta de cobro.<\/p>\n<p>2) Solicitar a la patronal que convoque a paritarias como m\u00e1ximo hasta el d\u00eda 5 de cada mes.<\/p>\n<p>3) Se convoca a concentrar con antorchas el 24 de Julio, a las 20hs. en Casa Natal de Sarmiento.<\/p>\n<p>4) Rechazar el Plan de Contingencia ya que carece de marco normativo que explicite y regule su implementaci\u00f3n.<\/p>\n<p>5) Permanecer en ESTADO DE ALERTA, atentos a medidas a seguir por parte de toda la docencia, a fin de coordinar de manera participativa.<\/p>\n<p>6) Pasar a cuarto intermedio.<\/p>\n<p>Por ello, UDAP invita a los docentes de San Juan a sumarse a la Marcha de las Antorchas el Mi\u00e9rcoles, 24 de Julio, a las 20 hs.; Casa Natal de Sarmiento.<\/p>\n<p><iframe loading=\"lazy\" title=\"MARCHA DE LAS ANTORCHAS EN SAN JUAN\" width=\"800\" height=\"450\" src=\"https:\/\/www.youtube.com\/embed\/FRcVXWBbI_4?feature=oembed\" frameborder=\"0\" allow=\"accelerometer; autoplay; clipboard-write; encrypted-media; gyroscope; picture-in-picture; web-share\" referrerpolicy=\"strict-origin-when-cross-origin\" allowfullscreen><\/iframe><\/p>\n<p>&nbsp;<\/p>\n<p>&nbsp;<\/p>\n<p>&nbsp;<\/p>\n","protected":false},"excerpt":{"rendered":"<p>El Secretariado Ejecutivo de la Uni\u00f3n Docentes Agremiados Provinciales de San Juan &#8211; UDAP &#8211; informa lo resuelto en plenario<\/p>\n","protected":false},"author":3,"featured_media":52636,"comment_status":"closed","ping_status":"closed","sticky":false,"template":"","format":"standard","meta":{"_acf_changed":false,"_seopress_robots_primary_cat":"none","_seopress_titles_title":"","_seopress_titles_desc":"","_seopress_robots_index":"","colormag_page_container_layout":"default_layout","colormag_page_sidebar_layout":"default_layout","footnotes":""},"categories":[1,7],"tags":[],"class_list":["post-74992","post","type-post","status-publish","format-standard","has-post-thumbnail","hentry","category-destacadas","category-videos"],"acf":[],"_links":{"self":[{"href":"https:\/\/vocesparalelas.com.ar\/sitio\/wp-json\/wp\/v2\/posts\/74992","targetHints":{"allow":["GET"]}}],"collection":[{"href":"https:\/\/vocesparalelas.com.ar\/sitio\/wp-json\/wp\/v2\/posts"}],"about":[{"href":"https:\/\/vocesparalelas.com.ar\/sitio\/wp-json\/wp\/v2\/types\/post"}],"author":[{"embeddable":true,"href":"https:\/\/vocesparalelas.com.ar\/sitio\/wp-json\/wp\/v2\/users\/3"}],"replies":[{"embeddable":true,"href":"https:\/\/vocesparalelas.com.ar\/sitio\/wp-json\/wp\/v2\/comments?post=74992"}],"version-history":[{"count":1,"href":"https:\/\/vocesparalelas.com.ar\/sitio\/wp-json\/wp\/v2\/posts\/74992\/revisions"}],"predecessor-version":[{"id":74995,"href":"https:\/\/vocesparalelas.com.ar\/sitio\/wp-json\/wp\/v2\/posts\/74992\/revisions\/74995"}],"wp:featuredmedia":[{"embeddable":true,"href":"https:\/\/vocesparalelas.com.ar\/sitio\/wp-json\/wp\/v2\/media\/52636"}],"wp:attachment":[{"href":"https:\/\/vocesparalelas.com.ar\/sitio\/wp-json\/wp\/v2\/media?parent=74992"}],"wp:term":[{"taxonomy":"category","embeddable":true,"href":"https:\/\/vocesparalelas.com.ar\/sitio\/wp-json\/wp\/v2\/categories?post=74992"},{"taxonomy":"post_tag","embeddable":true,"href":"https:\/\/vocesparalelas.com.ar\/sitio\/wp-json\/wp\/v2\/tags?post=74992"}],"curies":[{"name":"wp","href":"https:\/\/api.w.org\/{rel}","templated":true}]}}