{"id":74980,"date":"2024-07-23T23:23:22","date_gmt":"2024-07-24T02:23:22","guid":{"rendered":"https:\/\/vocesparalelas.com.ar\/sitio\/?p=74980"},"modified":"2024-07-24T00:16:00","modified_gmt":"2024-07-24T03:16:00","slug":"la-expo-de-la-rural-con-la-presencia-del-gobernador-de-san-juan-dr-marcelo-orrego-en-el-stand-provincial","status":"publish","type":"post","link":"https:\/\/vocesparalelas.com.ar\/sitio\/la-expo-de-la-rural-con-la-presencia-del-gobernador-de-san-juan-dr-marcelo-orrego-en-el-stand-provincial\/","title":{"rendered":"La Expo de La Rural con la presencia del Gobernador de San Juan, Dr. Marcelo Orrego en el stand provincial"},"content":{"rendered":"<p>El Martes, 23 de Julio, el gobernador de San Juan, Dr. Marcelo Orrego visit\u00f3 el stand provincial en la Expo de La Rural, en Buenos Aires.<\/p>\n<p>Luego, de una recorrida por el predio, acompa\u00f1ado por funcionarios y autoridades nacionales, a la que tambi\u00e9n, se sum\u00f3 los Ministros de Producci\u00f3n, Innovaci\u00f3n del Gobierno de San Juan y Trabajo, CPN Gustavo Fern\u00e1ndez, y de Turismo, Cultura y Deporte, Dr. Guido Romero, el mandatario conoci\u00f3 el sitio en el que San Juan se muestra al mundo.<\/p>\n<p>Hay que destacar adem\u00e1s que estuvo reunido con Nicol\u00e1s Pino, Presidente de la Sociedad Rural. Por otro lado y ante los medios de comunicaci\u00f3n nacionales, el Gobernador de San Juan, Dr. Marcelo Orrego habl\u00f3 del cobre en San Juan y de una oportunidad \u00fanica para la provincia. \u201cSon dos hect\u00e1reas realmente repletas de gente. He visto stands de todas las jurisdicciones del pa\u00eds. A m\u00ed me parece esto muy importante porque las provincias del interior tambi\u00e9n podemos mostrar todos nuestros productos. Por eso, los sanjuaninos nos distinguimos muchas veces por los ricos vinos que desarrollamos, pero tambi\u00e9n somos los primeros productores de aceite de oliva, de pistachos y de tomates industrializados. Esto nos da la oportunidad de mostrar nuestro membrillo, en definitiva. Hoy no solo estamos recorriendo una expo donde vamos a encontrar mucha gente de la Argentina, sino tambi\u00e9n de distintos pa\u00edses del mundo\u201d.<\/p>\n<p><iframe loading=\"lazy\" title=\"Orrego visito el stand de San Juan en La Rural\" width=\"800\" height=\"450\" src=\"https:\/\/www.youtube.com\/embed\/O0Nfgupcg3M?feature=oembed\" frameborder=\"0\" allow=\"accelerometer; autoplay; clipboard-write; encrypted-media; gyroscope; picture-in-picture; web-share\" referrerpolicy=\"strict-origin-when-cross-origin\" allowfullscreen><\/iframe><\/p>\n<p>Durante la expo est\u00e1n programadas visitas de las empresas extrajeras que participan de las rondas de negocios y de la realizaci\u00f3n de jornadas acad\u00e9micas al stand de San Juan por el que ya pas\u00f3 una multitud de personas que tuvieron la oportunidad de degustar y conocer los productos sanjuaninos.<\/p>\n<p>&nbsp;<\/p>\n<p><img loading=\"lazy\" decoding=\"async\" class=\"alignnone size-full wp-image-74984\" src=\"https:\/\/vocesparalelas.com.ar\/sitio\/wp-content\/uploads\/2024\/07\/EXPO-RURAL-SAN-JUAN-02.jpg\" alt=\"\" width=\"800\" height=\"533\" srcset=\"https:\/\/vocesparalelas.com.ar\/sitio\/wp-content\/uploads\/2024\/07\/EXPO-RURAL-SAN-JUAN-02.jpg 800w, https:\/\/vocesparalelas.com.ar\/sitio\/wp-content\/uploads\/2024\/07\/EXPO-RURAL-SAN-JUAN-02-300x200.jpg 300w, https:\/\/vocesparalelas.com.ar\/sitio\/wp-content\/uploads\/2024\/07\/EXPO-RURAL-SAN-JUAN-02-768x512.jpg 768w\" sizes=\"auto, (max-width: 800px) 100vw, 800px\" \/><\/p>\n","protected":false},"excerpt":{"rendered":"<p>El Martes, 23 de Julio, el gobernador de San Juan, Dr. Marcelo Orrego visit\u00f3 el stand provincial en la Expo<\/p>\n","protected":false},"author":3,"featured_media":74983,"comment_status":"closed","ping_status":"closed","sticky":false,"template":"","format":"standard","meta":{"_acf_changed":false,"_seopress_robots_primary_cat":"none","_seopress_titles_title":"","_seopress_titles_desc":"","_seopress_robots_index":"","colormag_page_container_layout":"default_layout","colormag_page_sidebar_layout":"default_layout","footnotes":""},"categories":[1,7],"tags":[],"class_list":["post-74980","post","type-post","status-publish","format-standard","has-post-thumbnail","hentry","category-destacadas","category-videos"],"acf":[],"_links":{"self":[{"href":"https:\/\/vocesparalelas.com.ar\/sitio\/wp-json\/wp\/v2\/posts\/74980","targetHints":{"allow":["GET"]}}],"collection":[{"href":"https:\/\/vocesparalelas.com.ar\/sitio\/wp-json\/wp\/v2\/posts"}],"about":[{"href":"https:\/\/vocesparalelas.com.ar\/sitio\/wp-json\/wp\/v2\/types\/post"}],"author":[{"embeddable":true,"href":"https:\/\/vocesparalelas.com.ar\/sitio\/wp-json\/wp\/v2\/users\/3"}],"replies":[{"embeddable":true,"href":"https:\/\/vocesparalelas.com.ar\/sitio\/wp-json\/wp\/v2\/comments?post=74980"}],"version-history":[{"count":2,"href":"https:\/\/vocesparalelas.com.ar\/sitio\/wp-json\/wp\/v2\/posts\/74980\/revisions"}],"predecessor-version":[{"id":74986,"href":"https:\/\/vocesparalelas.com.ar\/sitio\/wp-json\/wp\/v2\/posts\/74980\/revisions\/74986"}],"wp:featuredmedia":[{"embeddable":true,"href":"https:\/\/vocesparalelas.com.ar\/sitio\/wp-json\/wp\/v2\/media\/74983"}],"wp:attachment":[{"href":"https:\/\/vocesparalelas.com.ar\/sitio\/wp-json\/wp\/v2\/media?parent=74980"}],"wp:term":[{"taxonomy":"category","embeddable":true,"href":"https:\/\/vocesparalelas.com.ar\/sitio\/wp-json\/wp\/v2\/categories?post=74980"},{"taxonomy":"post_tag","embeddable":true,"href":"https:\/\/vocesparalelas.com.ar\/sitio\/wp-json\/wp\/v2\/tags?post=74980"}],"curies":[{"name":"wp","href":"https:\/\/api.w.org\/{rel}","templated":true}]}}