{"id":74975,"date":"2024-07-23T15:37:30","date_gmt":"2024-07-23T18:37:30","guid":{"rendered":"https:\/\/vocesparalelas.com.ar\/sitio\/?p=74975"},"modified":"2024-07-23T15:38:17","modified_gmt":"2024-07-23T18:38:17","slug":"analizaron-el-proyecto-donacion-voluntaria-de-sangre-en-la-camara-de-diputados-de-san-juan","status":"publish","type":"post","link":"https:\/\/vocesparalelas.com.ar\/sitio\/analizaron-el-proyecto-donacion-voluntaria-de-sangre-en-la-camara-de-diputados-de-san-juan\/","title":{"rendered":"Analizaron el Proyecto \u00abDonaci\u00f3n voluntaria de Sangre\u00bb en la C\u00e1mara de Diputados de San Juan"},"content":{"rendered":"<p>En el marco de una reuni\u00f3n conjunta de las comisiones de Salud y Discapacidad; Educaci\u00f3n, Ciencia, T\u00e9cnica y Cultura; y Legislaci\u00f3n y Asuntos Constitucionales, los diputados y diputadas discutieron un proyecto de Ley remitido por el Interbloque Cambia San Juan. La propuesta tiene como objetivo implementar en las escuelas de la provincia la Campa\u00f1a de concientizaci\u00f3n y promoci\u00f3n de la donaci\u00f3n voluntaria de sangre \u00abEducar para salvar vidas\u00bb.<\/p>\n<p>Cabe se\u00f1alar que la iniciativa presentada est\u00e1 dirigida a los alumnos, sus familias y a toda la comunidad educativa. Su prop\u00f3sito es educar sobre la donaci\u00f3n de sangre como un acto voluntario, solidario, responsable y habitual, proporcionando la informaci\u00f3n necesaria para comprender su vital importancia.<\/p>\n<p>La reuni\u00f3n fue llevada a cabo en el edificio Anexo. Estuvieron presentes las legisladoras Mar\u00eda Lascano, Alejandra Leonardo, Marta Gramajo, Cristina L\u00f3pez, M\u00f3nica Gonz\u00e1lez, Rosana Luque, Stella Caparros, Marcela Quiroga y los diputados Juan de la Cruz C\u00f3rdoba, Enzo Cornejo, Luis Rueda, Fernando Patinella, Omar Ortiz, Juan Carlos Quiroga Moyano, Emilio Escudero, Eduardo Castro, Gustavo N\u00fa\u00f1ez y Leopoldo Soler.<\/p>\n<p>En la ocasi\u00f3n, los legisladores recibieron a representantes del Instituto Provincial de Hemoterapia (IPHEM): Vanina Cirelli, m\u00e9dica y Melisa Ochoa, psic\u00f3loga; y tambi\u00e9n, a integrantes de la Asociaci\u00f3n Civil Legado de Amor: Daiana Celedon, Mirna Quiroga y H\u00e9ctor Cortez.<\/p>\n<p>Durante el encuentro, Daiana Celedon cont\u00f3 su testimonio de lucha contra la Leucemia y su madre junto a la Asociaci\u00f3n destac\u00f3 la importancia de la donaci\u00f3n de sangre para hacer frente a estos problemas de salud.\u00a0\u00a0\u201cEl tema del proyecto es concientizar sobre la donaci\u00f3n de sangre. Nos hemos reunido con el IPHEM porque las personas normalmente vamos a donar por necesidad y en esto todos estamos expuestos a la posibilidad. Y se necesita de forma permanente tanto sangre como plaquetas, y muchos no lo hacen porque no saben\u201d, expres\u00f3 Mirna Quiroga.<\/p>\n<p>&nbsp;<\/p>\n<p><iframe loading=\"lazy\" title=\"Representantes de la Asociaci\u00f3n Civil Legado de Amor\" width=\"800\" height=\"450\" src=\"https:\/\/www.youtube.com\/embed\/4DI-pQCOSIo?feature=oembed\" frameborder=\"0\" allow=\"accelerometer; autoplay; clipboard-write; encrypted-media; gyroscope; picture-in-picture; web-share\" referrerpolicy=\"strict-origin-when-cross-origin\" allowfullscreen><\/iframe><\/p>\n<p>&nbsp;<\/p>\n<p>Por su parte, la Dra. Vanina Cirelli y la Dra. Melisa Ochoa explicaron los fundamentos del proyecto y tambi\u00e9n se\u00f1alaron la importancia de educar desde la infancia a las personas. \u201cEste proyecto nos abre las puertas para mejorar la concientizaci\u00f3n en toda la poblaci\u00f3n. Hay que considerar que los chicos son replicadores naturales, cuando hay algo que les llama la atenci\u00f3n van y lo hablan. Sabemos que un proyecto totalmente solidario, hay mucha gente que depende de que otra se acerque y done sangre.<\/p>\n<p>\u201cLo que queremos es fomentar la donaci\u00f3n voluntaria y para eso es necesario concientizar a los sanjuaninos. Ya de por si nuestra comunidad es solidaria y si no lo hace es principalmente porque no sabe y no tiene la informaci\u00f3n. Es donde nosotros queremos aportar nuestro granito de arena y llegar a todas las casas de la provincia. Educar por sobre todas las cosas, derribar mitos, entender la importancia, ese es un poco nuestro trabajo\u201d, comentaron las profesionales del IPHEM.<\/p>\n<p><iframe loading=\"lazy\" title=\"Representantes de IPHEM\" width=\"800\" height=\"450\" src=\"https:\/\/www.youtube.com\/embed\/MClMegkOZUI?feature=oembed\" frameborder=\"0\" allow=\"accelerometer; autoplay; clipboard-write; encrypted-media; gyroscope; picture-in-picture; web-share\" referrerpolicy=\"strict-origin-when-cross-origin\" allowfullscreen><\/iframe><\/p>\n<p>&nbsp;<\/p>\n<h3><span style=\"color: #800080;\"><strong>Reuni\u00f3n de la Comisi\u00f3n Desarrollo Humano y Laboral<\/strong><\/span><\/h3>\n<p>En la Sala de Situaci\u00f3n del Edificio Hist\u00f3rico de la Legislatura Provincial, se llev\u00f3 adelante una nueva reuni\u00f3n de la comisi\u00f3n con la presencia de los diputados Marcela Quiroga, Jorge Ripoll, Fernanda Paredes, Franco Aranda, Gabriel S\u00e1nchez y Stella Caparros.<\/p>\n<p>Durante el encuentro debatieron respecto al proyecto de Ley presentado bajo Expediente N\u00ba 1415. Dicha iniciativa plantea en su segundo art\u00edculo que \u201cel objetivo de la presente Ley es que los Empleados del Estado, adquieran conocimiento, empat\u00eda, manejo de contenidos te\u00f3ricos; competencias en el abordaje de la tem\u00e1tica del Adulto Mayor en su amplitud y mejorar la calidad de las interacciones en la satisfacci\u00f3n de las necesidades de este grupo poblacional\u201d.<\/p>\n<p>La tem\u00e1tica continuar\u00e1 su debate en las siguientes reuniones, con reuniones y consultas a diversos sectores vinculados<\/p>\n<p>&nbsp;<\/p>\n<figure id=\"attachment_37951\" aria-describedby=\"caption-attachment-37951\" style=\"width: 800px\" class=\"wp-caption alignnone\"><img loading=\"lazy\" decoding=\"async\" class=\"size-full wp-image-37951\" src=\"https:\/\/vocesparalelas.com.ar\/sitio\/wp-content\/uploads\/2021\/05\/CAMARA-EDIFICIO.jpg\" alt=\"\" width=\"800\" height=\"515\" srcset=\"https:\/\/vocesparalelas.com.ar\/sitio\/wp-content\/uploads\/2021\/05\/CAMARA-EDIFICIO.jpg 800w, https:\/\/vocesparalelas.com.ar\/sitio\/wp-content\/uploads\/2021\/05\/CAMARA-EDIFICIO-300x193.jpg 300w, https:\/\/vocesparalelas.com.ar\/sitio\/wp-content\/uploads\/2021\/05\/CAMARA-EDIFICIO-768x494.jpg 768w\" sizes=\"auto, (max-width: 800px) 100vw, 800px\" \/><figcaption id=\"caption-attachment-37951\" class=\"wp-caption-text\">Legislatura Provincial de San Juan, Rep\u00fablica Argentina<\/figcaption><\/figure>\n<p>&nbsp;<\/p>\n","protected":false},"excerpt":{"rendered":"<p>En el marco de una reuni\u00f3n conjunta de las comisiones de Salud y Discapacidad; Educaci\u00f3n, Ciencia, T\u00e9cnica y Cultura; y<\/p>\n","protected":false},"author":3,"featured_media":74978,"comment_status":"closed","ping_status":"closed","sticky":false,"template":"","format":"standard","meta":{"_acf_changed":false,"_seopress_robots_primary_cat":"none","_seopress_titles_title":"","_seopress_titles_desc":"","_seopress_robots_index":"","colormag_page_container_layout":"default_layout","colormag_page_sidebar_layout":"default_layout","footnotes":""},"categories":[1,7],"tags":[],"class_list":["post-74975","post","type-post","status-publish","format-standard","has-post-thumbnail","hentry","category-destacadas","category-videos"],"acf":[],"_links":{"self":[{"href":"https:\/\/vocesparalelas.com.ar\/sitio\/wp-json\/wp\/v2\/posts\/74975","targetHints":{"allow":["GET"]}}],"collection":[{"href":"https:\/\/vocesparalelas.com.ar\/sitio\/wp-json\/wp\/v2\/posts"}],"about":[{"href":"https:\/\/vocesparalelas.com.ar\/sitio\/wp-json\/wp\/v2\/types\/post"}],"author":[{"embeddable":true,"href":"https:\/\/vocesparalelas.com.ar\/sitio\/wp-json\/wp\/v2\/users\/3"}],"replies":[{"embeddable":true,"href":"https:\/\/vocesparalelas.com.ar\/sitio\/wp-json\/wp\/v2\/comments?post=74975"}],"version-history":[{"count":1,"href":"https:\/\/vocesparalelas.com.ar\/sitio\/wp-json\/wp\/v2\/posts\/74975\/revisions"}],"predecessor-version":[{"id":74979,"href":"https:\/\/vocesparalelas.com.ar\/sitio\/wp-json\/wp\/v2\/posts\/74975\/revisions\/74979"}],"wp:featuredmedia":[{"embeddable":true,"href":"https:\/\/vocesparalelas.com.ar\/sitio\/wp-json\/wp\/v2\/media\/74978"}],"wp:attachment":[{"href":"https:\/\/vocesparalelas.com.ar\/sitio\/wp-json\/wp\/v2\/media?parent=74975"}],"wp:term":[{"taxonomy":"category","embeddable":true,"href":"https:\/\/vocesparalelas.com.ar\/sitio\/wp-json\/wp\/v2\/categories?post=74975"},{"taxonomy":"post_tag","embeddable":true,"href":"https:\/\/vocesparalelas.com.ar\/sitio\/wp-json\/wp\/v2\/tags?post=74975"}],"curies":[{"name":"wp","href":"https:\/\/api.w.org\/{rel}","templated":true}]}}