{"id":74965,"date":"2024-07-23T14:59:45","date_gmt":"2024-07-23T17:59:45","guid":{"rendered":"https:\/\/vocesparalelas.com.ar\/sitio\/?p=74965"},"modified":"2024-07-24T22:24:45","modified_gmt":"2024-07-25T01:24:45","slug":"ciclo-flota-tour-para-poner-colores-al-cielo-de-san-juan-y-disfrutar-en-familia","status":"publish","type":"post","link":"https:\/\/vocesparalelas.com.ar\/sitio\/ciclo-flota-tour-para-poner-colores-al-cielo-de-san-juan-y-disfrutar-en-familia\/","title":{"rendered":"Ciclo \u00abFlota Tour\u00bb para poner colores al cielo de San Juan y disfrutar en familia"},"content":{"rendered":"<p>El S\u00e1bado, 10 de Agosto, de 14 a 19 hs.;\u00a0 en el aeroclub San Juan, Departamento Pocito, llega el Ciclo \u00abFlota Tour\u00bb, una muestra de globos aerost\u00e1ticos y otras atracciones a\u00e9reas. La fechas es alternativas porque depende de las condiciones clim\u00e1ticas adversas.<\/p>\n<p>El evento\u00a0 es una oportunidad \u00fanica para disfrutar de este espect\u00e1culo visual en Familia. Por la cantidad de personas esperadas, la cantidad de globos presentes, las medidas de seguridad y el tiempo disponible, no se realizan vuelos durante el evento. Sin embargo, los asistentes pue3den deleitarse con un show que muestra la magia de los globos aerost\u00e1ticos en el cielo de San Juan, incluyendo demostraciones de c\u00f3mo se arman, se inflan y vuelan cautivos.<\/p>\n<p>Adem\u00e1s del espect\u00e1culo a\u00e9reo, el evento cuenta con m\u00fasica en vivo, una variada oferta gastron\u00f3mica y actividades para las distintas edades, creando un ambiente festivo.<\/p>\n<p><strong><span style=\"color: #ff6600;\">Entradas<\/span><\/strong><\/p>\n<p>Las entradas pueden conseguirse a trav\u00e9s de la web <a href=\"https:\/\/flotatour.com.ar\/\" target=\"_blank\" rel=\"noopener noreferrer\">flotatour.com.ar<\/a>. Los menores de 10 a\u00f1os no abonan.<\/p>\n<p>&nbsp;<\/p>\n<p><img loading=\"lazy\" decoding=\"async\" class=\"alignnone size-full wp-image-74971\" src=\"https:\/\/vocesparalelas.com.ar\/sitio\/wp-content\/uploads\/2024\/07\/GLOBO-AEROSTATICO-03.jpg\" alt=\"\" width=\"800\" height=\"550\" srcset=\"https:\/\/vocesparalelas.com.ar\/sitio\/wp-content\/uploads\/2024\/07\/GLOBO-AEROSTATICO-03.jpg 800w, https:\/\/vocesparalelas.com.ar\/sitio\/wp-content\/uploads\/2024\/07\/GLOBO-AEROSTATICO-03-300x206.jpg 300w, https:\/\/vocesparalelas.com.ar\/sitio\/wp-content\/uploads\/2024\/07\/GLOBO-AEROSTATICO-03-768x528.jpg 768w, https:\/\/vocesparalelas.com.ar\/sitio\/wp-content\/uploads\/2024\/07\/GLOBO-AEROSTATICO-03-130x90.jpg 130w\" sizes=\"auto, (max-width: 800px) 100vw, 800px\" \/><\/p>\n","protected":false},"excerpt":{"rendered":"<p>El S\u00e1bado, 10 de Agosto, de 14 a 19 hs.;\u00a0 en el aeroclub San Juan, Departamento Pocito, llega el Ciclo<\/p>\n","protected":false},"author":3,"featured_media":74972,"comment_status":"closed","ping_status":"closed","sticky":false,"template":"","format":"standard","meta":{"_acf_changed":false,"_seopress_robots_primary_cat":"none","_seopress_titles_title":"","_seopress_titles_desc":"","_seopress_robots_index":"","colormag_page_container_layout":"default_layout","colormag_page_sidebar_layout":"default_layout","footnotes":""},"categories":[20],"tags":[],"class_list":["post-74965","post","type-post","status-publish","format-standard","has-post-thumbnail","hentry","category-cartelera"],"acf":[],"_links":{"self":[{"href":"https:\/\/vocesparalelas.com.ar\/sitio\/wp-json\/wp\/v2\/posts\/74965","targetHints":{"allow":["GET"]}}],"collection":[{"href":"https:\/\/vocesparalelas.com.ar\/sitio\/wp-json\/wp\/v2\/posts"}],"about":[{"href":"https:\/\/vocesparalelas.com.ar\/sitio\/wp-json\/wp\/v2\/types\/post"}],"author":[{"embeddable":true,"href":"https:\/\/vocesparalelas.com.ar\/sitio\/wp-json\/wp\/v2\/users\/3"}],"replies":[{"embeddable":true,"href":"https:\/\/vocesparalelas.com.ar\/sitio\/wp-json\/wp\/v2\/comments?post=74965"}],"version-history":[{"count":3,"href":"https:\/\/vocesparalelas.com.ar\/sitio\/wp-json\/wp\/v2\/posts\/74965\/revisions"}],"predecessor-version":[{"id":74974,"href":"https:\/\/vocesparalelas.com.ar\/sitio\/wp-json\/wp\/v2\/posts\/74965\/revisions\/74974"}],"wp:featuredmedia":[{"embeddable":true,"href":"https:\/\/vocesparalelas.com.ar\/sitio\/wp-json\/wp\/v2\/media\/74972"}],"wp:attachment":[{"href":"https:\/\/vocesparalelas.com.ar\/sitio\/wp-json\/wp\/v2\/media?parent=74965"}],"wp:term":[{"taxonomy":"category","embeddable":true,"href":"https:\/\/vocesparalelas.com.ar\/sitio\/wp-json\/wp\/v2\/categories?post=74965"},{"taxonomy":"post_tag","embeddable":true,"href":"https:\/\/vocesparalelas.com.ar\/sitio\/wp-json\/wp\/v2\/tags?post=74965"}],"curies":[{"name":"wp","href":"https:\/\/api.w.org\/{rel}","templated":true}]}}