{"id":74961,"date":"2024-07-23T14:31:43","date_gmt":"2024-07-23T17:31:43","guid":{"rendered":"https:\/\/vocesparalelas.com.ar\/sitio\/?p=74961"},"modified":"2024-07-24T22:24:18","modified_gmt":"2024-07-25T01:24:18","slug":"inscripcion-para-traslados-preferenciales-y-ordinarios-2025-de-los-docentes-de-san-juan","status":"publish","type":"post","link":"https:\/\/vocesparalelas.com.ar\/sitio\/inscripcion-para-traslados-preferenciales-y-ordinarios-2025-de-los-docentes-de-san-juan\/","title":{"rendered":"Inscripci\u00f3n para Traslados Preferenciales y Ordinarios 2025 de los docentes de San Juan"},"content":{"rendered":"<p>La Junta de Clasificaci\u00f3n Docente Rama Primaria del Ministerio de Educaci\u00f3n del Gobierno de San Juan, informa que de acuerdo a la Resoluci\u00f3n N\u00ba 10816-ME-2024 y dem\u00e1s normativa legal vigente, desde el 1 al 15 de Agosto de 2024, procede a la inscripci\u00f3n de los docentes titulares en situaci\u00f3n activa que deseen trasladarse en la misma categor\u00eda, jerarqu\u00eda, modalidad y denominaci\u00f3n, dependiente de las Direcciones de Educaci\u00f3n: Inicial, Primaria, Especial, y de Adultos.<\/p>\n<p>Los docentes interesados deben iniciar el tr\u00e1mite por Mesa de Entradas del Ministerio de Educaci\u00f3n, 2 piso del Centro C\u00edvico,\u00a0 de Lunes a Viernes, de 7:30 a 12:30 hs, tienen que bajar el formulario de inscripci\u00f3n de la p\u00e1gina del Ministerio de Educaci\u00f3n \u2013\u00edcono Junta Primaria \u2013 Traslados-.<\/p>\n<p><span style=\"color: #ff6600;\"><strong>Cronograma<\/strong><\/span><\/p>\n<ul>\n<li><strong>Inscripci\u00f3n:\u00a0<\/strong>del 1 al 15 de agosto de 2024<\/li>\n<li><strong>Valoraci\u00f3n:\u00a0<\/strong>16 de agosto al 31 de octubre de 2024<\/li>\n<li><strong>Notificaci\u00f3n de Antig\u00fcedad y otorgamiento del traslado:\u00a0<\/strong>del 6 al 11 de noviembre<\/li>\n<li><strong>Apelaci\u00f3n de Antig\u00fcedad u otorgamiento del Traslado:\u00a0<\/strong>14 de noviembre de 2024<\/li>\n<li><strong>Resoluci\u00f3n de Apelaci\u00f3n:\u00a0<\/strong>18, 19 y 21 de noviembre de 2024<\/li>\n<li><strong>Notificaci\u00f3n de Apelaci\u00f3n:\u00a0<\/strong>27 de noviembre de 2024<\/li>\n<li><strong>Presentaci\u00f3n de Recursos Jer\u00e1rquicos:\u00a0<\/strong>28 de noviembre de 2024<\/li>\n<li><strong>Elevaci\u00f3n de Recursos Jer\u00e1rquicos:\u00a0<\/strong>29 de noviembre de 2024<\/li>\n<li><strong>Exhibici\u00f3n de Listados Provisorios:\u00a0<\/strong>4 de diciembre de 2024<\/li>\n<li><strong>Apelaci\u00f3n de Listados Provisorios:\u00a0<\/strong>5 de diciembre de 2024<\/li>\n<li><strong>Resoluci\u00f3n de Apelaciones:\u00a0<\/strong>12 de diciembre de 2024<\/li>\n<li><strong>Exhibici\u00f3n de Listados Definitivos:\u00a0<\/strong>16, 17 y 18 de diciembre de 2024<\/li>\n<\/ul>\n<p><span style=\"color: #ff6600;\"><strong>Al momento de la inscripci\u00f3n los aspirantes deben cumplimentar los siguientes requisitos, de acuerdo a lo establecido por la Ley Provincial N\u00ba 64-H, Arts. 53 al 60 inclusive:<\/strong><\/span><\/p>\n<p><span style=\"color: #ff6600;\"><strong>Maestros<\/strong><\/span><\/p>\n<p><strong><span style=\"color: #ff6600;\">Traslado Ordinario:<\/span>\u00a0<\/strong>deben acreditar haber desempe\u00f1ado dos (2) a\u00f1os lectivos calendarios inmediatos anteriores al pedido de traslado del cargo del cual solicitan traslado; debiendo adjuntar:<\/p>\n<ul>\n<li>Fotocopias de Conceptos legalizados por la autoridad inmediata superior.<\/li>\n<li>Declaraci\u00f3n Jurada de Cargos completa (en el caso de poseer cargos en gesti\u00f3n privada u otro organismo p\u00fablico debe estar refrendada por la Autoridad competente de dicho organismo).<\/li>\n<li>Fotocopia de DNI cara y anverso<\/li>\n<li>Resoluci\u00f3n del cargo titular por el cual se traslada.<\/li>\n<\/ul>\n<p><span style=\"color: #ff6600;\"><strong>Traslado Preferencial:<\/strong><\/span> deben acreditar haber desempe\u00f1ado un (1) a\u00f1o lectivo calendario, anterior al pedido de traslado; debiendo adjuntar:<\/p>\n<ul>\n<li>Fotocopia de Concepto Profesional legalizado por la autoridad inmediata superior.<\/li>\n<li>Declaraci\u00f3n Jurada de Cargos completa (en el caso de poseer cargos en gesti\u00f3n privada u otro organismo p\u00fablico debe estar refrendada por la Autoridad competente de dicho organismo).<\/li>\n<li>Fotocopia de DNI cara y anverso<\/li>\n<li>Resoluci\u00f3n del cargo titular por el cual se traslada.<\/li>\n<\/ul>\n<p>La documentaci\u00f3n debe estar legalizada. El docente y la\/s autoridad\/es jer\u00e1rquica\/s deben rubricar con la firma respectiva la solicitud. Asimismo, deber\u00e1 adjuntar documentaci\u00f3n que acredite en forma fehaciente la causal invocada, y los requisitos establecidos en el Art\u00edculo 56 de la Ley N\u00ba 64-H.<\/p>\n<p><span style=\"color: #ff6600;\"><strong>Directivos<\/strong><\/span><\/p>\n<p><span style=\"color: #ff6600;\"><strong>Traslado Ordinario<\/strong>:<\/span> los directivos deber\u00e1n acreditar concepto no inferior a Muy Bueno en los \u00faltimos tres (3) a\u00f1os de ejercicio como titular en el establecimiento y en el cargo a trasladar; debiendo adjuntar:<\/p>\n<ul>\n<li>Fotocopias de Conceptos legalizado por la autoridad inmediata superior.<\/li>\n<li>Declaraci\u00f3n Jurada de Cargos completa (en el caso de poseer cargos en gesti\u00f3n privada u otro organismo p\u00fablico debe estar refrendada por la Autoridad competente de dicho organismo).<\/li>\n<li>Fotocopia de DNI cara y anverso<\/li>\n<li>Resoluci\u00f3n del cargo titular por el cual se traslada.<\/li>\n<\/ul>\n<p>Toda la documentaci\u00f3n debe ser legalizada. Asimismo, el docente y la\/s autoridad\/es jer\u00e1rquica\/s deber\u00e1n rubricar con la firma respectiva la solicitud.<\/p>\n<p><span style=\"color: #ff6600;\"><strong>Traslado Preferencial:<\/strong><\/span>\u00a0deber\u00e1n acreditar haber desempe\u00f1ado un (1) a\u00f1o lectivo calendario, anterior al pedido de traslado; debiendo adjuntar:<\/p>\n<ul>\n<li>Fotocopia de Concepto Profesional legalizado por la autoridad inmediata superior.<\/li>\n<li>Declaraci\u00f3n Jurada de Cargos completa (en el caso de poseer cargos en gesti\u00f3n privada u otro organismo p\u00fablico debe estar refrendada por la Autoridad competente de dicho organismo).<\/li>\n<li>Fotocopia de DNI cara y anverso<\/li>\n<li>Resoluci\u00f3n del cargo titular por el cual se traslada.<\/li>\n<\/ul>\n<p>El docente y la\/s autoridad\/es jer\u00e1rquica\/s deben rubricar con la firma respectiva la solicitud. Asimismo, debe adjuntar documentaci\u00f3n que acredite en forma fehaciente la causal invocada, y los requisitos establecidos en Art\u00edculo 56 de la Ley N\u00ba 64-H.<\/p>\n<p><strong><span style=\"color: #ff6600;\">Por consultas o mayor informaci\u00f3n<\/span><\/strong><\/p>\n<p>Comunicarse de Lunea a Viernes, de 8 a 13 hs.; al tel\u00e9fono 4302206 o concurrir a Tucum\u00e1n 75 &#8211; N -, Capital.<\/p>\n<p><img loading=\"lazy\" decoding=\"async\" class=\"alignnone size-full wp-image-28629\" src=\"https:\/\/vocesparalelas.com.ar\/sitio\/wp-content\/uploads\/2020\/05\/MINISTERIO-EDUCACION-SJ.jpg\" alt=\"\" width=\"800\" height=\"533\" srcset=\"https:\/\/vocesparalelas.com.ar\/sitio\/wp-content\/uploads\/2020\/05\/MINISTERIO-EDUCACION-SJ.jpg 800w, https:\/\/vocesparalelas.com.ar\/sitio\/wp-content\/uploads\/2020\/05\/MINISTERIO-EDUCACION-SJ-300x200.jpg 300w, https:\/\/vocesparalelas.com.ar\/sitio\/wp-content\/uploads\/2020\/05\/MINISTERIO-EDUCACION-SJ-768x512.jpg 768w\" sizes=\"auto, (max-width: 800px) 100vw, 800px\" \/><\/p>\n<p>&nbsp;<\/p>\n","protected":false},"excerpt":{"rendered":"<p>La Junta de Clasificaci\u00f3n Docente Rama Primaria del Ministerio de Educaci\u00f3n del Gobierno de San Juan, informa que de acuerdo<\/p>\n","protected":false},"author":3,"featured_media":5000,"comment_status":"closed","ping_status":"closed","sticky":false,"template":"","format":"standard","meta":{"_acf_changed":false,"_seopress_robots_primary_cat":"none","_seopress_titles_title":"","_seopress_titles_desc":"","_seopress_robots_index":"","colormag_page_container_layout":"default_layout","colormag_page_sidebar_layout":"default_layout","footnotes":""},"categories":[5],"tags":[],"class_list":["post-74961","post","type-post","status-publish","format-standard","has-post-thumbnail","hentry","category-ofrecimientos"],"acf":[],"_links":{"self":[{"href":"https:\/\/vocesparalelas.com.ar\/sitio\/wp-json\/wp\/v2\/posts\/74961","targetHints":{"allow":["GET"]}}],"collection":[{"href":"https:\/\/vocesparalelas.com.ar\/sitio\/wp-json\/wp\/v2\/posts"}],"about":[{"href":"https:\/\/vocesparalelas.com.ar\/sitio\/wp-json\/wp\/v2\/types\/post"}],"author":[{"embeddable":true,"href":"https:\/\/vocesparalelas.com.ar\/sitio\/wp-json\/wp\/v2\/users\/3"}],"replies":[{"embeddable":true,"href":"https:\/\/vocesparalelas.com.ar\/sitio\/wp-json\/wp\/v2\/comments?post=74961"}],"version-history":[{"count":1,"href":"https:\/\/vocesparalelas.com.ar\/sitio\/wp-json\/wp\/v2\/posts\/74961\/revisions"}],"predecessor-version":[{"id":74964,"href":"https:\/\/vocesparalelas.com.ar\/sitio\/wp-json\/wp\/v2\/posts\/74961\/revisions\/74964"}],"wp:featuredmedia":[{"embeddable":true,"href":"https:\/\/vocesparalelas.com.ar\/sitio\/wp-json\/wp\/v2\/media\/5000"}],"wp:attachment":[{"href":"https:\/\/vocesparalelas.com.ar\/sitio\/wp-json\/wp\/v2\/media?parent=74961"}],"wp:term":[{"taxonomy":"category","embeddable":true,"href":"https:\/\/vocesparalelas.com.ar\/sitio\/wp-json\/wp\/v2\/categories?post=74961"},{"taxonomy":"post_tag","embeddable":true,"href":"https:\/\/vocesparalelas.com.ar\/sitio\/wp-json\/wp\/v2\/tags?post=74961"}],"curies":[{"name":"wp","href":"https:\/\/api.w.org\/{rel}","templated":true}]}}