{"id":74953,"date":"2024-07-22T19:27:26","date_gmt":"2024-07-22T22:27:26","guid":{"rendered":"https:\/\/vocesparalelas.com.ar\/sitio\/?p=74953"},"modified":"2024-07-23T00:27:46","modified_gmt":"2024-07-23T03:27:46","slug":"reunion-de-la-comision-de-legislacion-y-asuntos-constitucionales-de-la-camara-de-diputados-de-san-juan","status":"publish","type":"post","link":"https:\/\/vocesparalelas.com.ar\/sitio\/reunion-de-la-comision-de-legislacion-y-asuntos-constitucionales-de-la-camara-de-diputados-de-san-juan\/","title":{"rendered":"Reuni\u00f3n de la Comisi\u00f3n de Legislaci\u00f3n y Asuntos Constitucionales de la C\u00e1mara de Diputados de San Juan"},"content":{"rendered":"<p>Los diputados de San Juan integrantes de la Comisi\u00f3n de Legislaci\u00f3n y Asuntos Constitucionales se reunieron para analizar y estudiar diversos proyectos presentados.<\/p>\n<p>El encuentro fue llevado a cabo en la sala de Situaci\u00f3n de planta baja del Edificio Hist\u00f3rico de la C\u00e1mara de Diputados. Estuvo encabezado por su presidente, legislador Dr. Juan de la Cruz C\u00f3rdoba. Participaron adem\u00e1s las diputadas Alejandra Leonardo, Marcela Quiroga, Graciela Seva, Fernanda Paredes, Sonia Ferreyra y los legisladores Luis Rueda, Franco Aranda, y Fernando Patinella.<\/p>\n<p>En la oportunidad, abordaron y dieron despacho favorable a un proyecto de Ley, presentado por el interbloque Cambia San Juan por el que se modifica los art\u00edculos 1\u00ba, 2\u00ba, y 3\u00ba de la Ley N\u00ba 1984-P, que instituye la distinci\u00f3n \u201cMenci\u00f3n de Honor Maestro Mario P\u00e9rez\u201d.<\/p>\n<p>Por otro lado, trataron un proyecto presentado por el interbloque por el que se declara Bien Integrante del Patrimonio Cultural y Natural de la provincia, dentro de los alcances de la Ley N\u00ba 571-F, a la denominaci\u00f3n de origen del Esp\u00e1rrago de M\u00e9dano de Oro, Mel\u00f3n de Sarmiento y Dulce de membrillo rubio sanjuanino. Asimismo, se los designa como Bienes Muebles de Inter\u00e9s Cultural y Natural en los t\u00e9rminos del art\u00edculo 4\u00ba inciso C) 1 de la Ley antes mencionada.<\/p>\n<p>Por \u00faltimo, avanzaron en el estudio de dos proyectos de Ley que tienen que ver con la donaci\u00f3n de inmuebles a la Universidad Nacional de San Juan.<\/p>\n<p>&nbsp;<\/p>\n<figure id=\"attachment_37951\" aria-describedby=\"caption-attachment-37951\" style=\"width: 800px\" class=\"wp-caption alignnone\"><img loading=\"lazy\" decoding=\"async\" class=\"size-full wp-image-37951\" src=\"https:\/\/vocesparalelas.com.ar\/sitio\/wp-content\/uploads\/2021\/05\/CAMARA-EDIFICIO.jpg\" alt=\"\" width=\"800\" height=\"515\" srcset=\"https:\/\/vocesparalelas.com.ar\/sitio\/wp-content\/uploads\/2021\/05\/CAMARA-EDIFICIO.jpg 800w, https:\/\/vocesparalelas.com.ar\/sitio\/wp-content\/uploads\/2021\/05\/CAMARA-EDIFICIO-300x193.jpg 300w, https:\/\/vocesparalelas.com.ar\/sitio\/wp-content\/uploads\/2021\/05\/CAMARA-EDIFICIO-768x494.jpg 768w\" sizes=\"auto, (max-width: 800px) 100vw, 800px\" \/><figcaption id=\"caption-attachment-37951\" class=\"wp-caption-text\">Legislatura Provincial de San Juan, Rep\u00fablica Argentina<\/figcaption><\/figure>\n","protected":false},"excerpt":{"rendered":"<p>Los diputados de San Juan integrantes de la Comisi\u00f3n de Legislaci\u00f3n y Asuntos Constitucionales se reunieron para analizar y estudiar<\/p>\n","protected":false},"author":3,"featured_media":74956,"comment_status":"closed","ping_status":"closed","sticky":false,"template":"","format":"standard","meta":{"_acf_changed":false,"_seopress_robots_primary_cat":"none","_seopress_titles_title":"","_seopress_titles_desc":"","_seopress_robots_index":"","colormag_page_container_layout":"default_layout","colormag_page_sidebar_layout":"default_layout","footnotes":""},"categories":[1],"tags":[],"class_list":["post-74953","post","type-post","status-publish","format-standard","has-post-thumbnail","hentry","category-destacadas"],"acf":[],"_links":{"self":[{"href":"https:\/\/vocesparalelas.com.ar\/sitio\/wp-json\/wp\/v2\/posts\/74953","targetHints":{"allow":["GET"]}}],"collection":[{"href":"https:\/\/vocesparalelas.com.ar\/sitio\/wp-json\/wp\/v2\/posts"}],"about":[{"href":"https:\/\/vocesparalelas.com.ar\/sitio\/wp-json\/wp\/v2\/types\/post"}],"author":[{"embeddable":true,"href":"https:\/\/vocesparalelas.com.ar\/sitio\/wp-json\/wp\/v2\/users\/3"}],"replies":[{"embeddable":true,"href":"https:\/\/vocesparalelas.com.ar\/sitio\/wp-json\/wp\/v2\/comments?post=74953"}],"version-history":[{"count":1,"href":"https:\/\/vocesparalelas.com.ar\/sitio\/wp-json\/wp\/v2\/posts\/74953\/revisions"}],"predecessor-version":[{"id":74957,"href":"https:\/\/vocesparalelas.com.ar\/sitio\/wp-json\/wp\/v2\/posts\/74953\/revisions\/74957"}],"wp:featuredmedia":[{"embeddable":true,"href":"https:\/\/vocesparalelas.com.ar\/sitio\/wp-json\/wp\/v2\/media\/74956"}],"wp:attachment":[{"href":"https:\/\/vocesparalelas.com.ar\/sitio\/wp-json\/wp\/v2\/media?parent=74953"}],"wp:term":[{"taxonomy":"category","embeddable":true,"href":"https:\/\/vocesparalelas.com.ar\/sitio\/wp-json\/wp\/v2\/categories?post=74953"},{"taxonomy":"post_tag","embeddable":true,"href":"https:\/\/vocesparalelas.com.ar\/sitio\/wp-json\/wp\/v2\/tags?post=74953"}],"curies":[{"name":"wp","href":"https:\/\/api.w.org\/{rel}","templated":true}]}}