{"id":74942,"date":"2024-07-22T20:34:49","date_gmt":"2024-07-22T23:34:49","guid":{"rendered":"https:\/\/vocesparalelas.com.ar\/sitio\/?p=74942"},"modified":"2024-07-22T23:35:02","modified_gmt":"2024-07-23T02:35:02","slug":"el-programa-educativo-agua-vida-se-fortalecio-en-el-las-vacaciones-de-invierno-2024-en-san-juan","status":"publish","type":"post","link":"https:\/\/vocesparalelas.com.ar\/sitio\/el-programa-educativo-agua-vida-se-fortalecio-en-el-las-vacaciones-de-invierno-2024-en-san-juan\/","title":{"rendered":"El Programa Educativo Agua = Vida se fortaleci\u00f3 en el las Vacaciones de Invierno 2024 en San Juan"},"content":{"rendered":"<p>El Viernes, 19 de Julio, concluy\u00f3 la primera actividad del Programa Educativo Agua = Vida impulsado por Obras Sanitarias y desarrollado en el Centro de Innovaci\u00f3n Tecnol\u00f3gica Educativa Conectar LAB.<\/p>\n<p>M\u00e1s de 200 ni\u00f1os y adolescentes de 3 a 18 a\u00f1os participaron de experiencias innovadoras pensadas para promover una nueva y necesaria cultura de preservaci\u00f3n de un recurso vital para la vida, como es el agua potable.<\/p>\n<p>Del acto participaron, el vicegobernador, Dr. Fabi\u00e1n Mart\u00edn, presidente de Obras Sanitarias, Ing. Jos\u00e9 Luis Beltr\u00e1n y la Subsecretaria de Planeamiento Educativo, Lic. Liliana Noll\u00e9n.<\/p>\n<p>Por ello, la subdirectora de Planeamiento Educativo del Ministerio de Educaci\u00f3n, Lic. Liliana Noll\u00e9n explic\u00f3 que \u00abel convenio marco que se logr\u00f3 entre Obras Sanitarias y el Ministerio de Educaci\u00f3n, permiti\u00f3 poner a Conectar Lab al servicio de San Juan. Estos avances se efectuaron en estas vacaciones, est\u00e1n nuestras familias, nuestros ni\u00f1os de todas las escuelas de San Juan de los diferentes puntos de la provincia disfrutando de los h\u00e1bitos saludables, del cuidado del medio ambiente y el amor por el agua y sus recursos naturales\u201d.<\/p>\n<p>Luego, el presidente de Obras Sanitarias, Ing. Jos\u00e9 Luis Beltr\u00e1n subray\u00f3 que \u00abel proyecto naci\u00f3 en OSSE y fue declarado de inter\u00e9s provincial por la legislatura. Sabemos la importancia que tiene llegar con esta informaci\u00f3n a los chicos y a su vez por medio de ellos a sus padres para tomar conciencia del agua potable en s\u00ed\u201d.<\/p>\n<p>Finalmente, el vicegobernador, Dr. Fabi\u00e1n Mart\u00edn destac\u00f3 que \u00abpara nosotros es un honor que los ni\u00f1os y j\u00f3venes puedan estar participando en estas vacaciones en una actividad tan noble como es esta, la referida al cuidado del agua. La importancia del agua para la vida, para la sociedad y en consonancia, el compromiso del gobierno para poder continuar con las obras en ejecuci\u00f3n y adem\u00e1s, hacer m\u00e1s obras que permitan brindar el servicio\u00bb.<\/p>\n<p>El equipo profesional y talleristas de Conectar Lab estuvo compuesto por Bel\u00e9n Ruiz Olalde, Fernando Mu\u00f1oz, Matias Zalazar, Renzo Carrozzo, Jorge Porres, Mario Lima y Martin Heredia.<\/p>\n<p>Las actividades se desarrollaron desde el Lunes, 15 al Viernes, 19 de Julio, en el marco de las Vacaciones de Invierno 2024. Consisti\u00f3 en un Laboratorio de Sonido, Laboratorio de Fabricaci\u00f3n, Escape Room, Mini Lab y Ludoteca. Los equipos que resultaron ganadores fueron distinguidos, durante la actividad de cierre, con distintos premios.<\/p>\n<p>Es importante mencionar que el Programa \u201cAgua = Vida\u201d ha sido incluido en el Programa de Educaci\u00f3n Ambiental Integral permitiendo la formaci\u00f3n docente con puntaje otorgado por el Ministerio de Educaci\u00f3n del Gobierno de San Juan y la continuidad a\u00f1o a a\u00f1o para concientizar a ni\u00f1os y j\u00f3venes escolarizados y, a trav\u00e9s de ellos, a las generaciones futuras.<\/p>\n<p>Adem\u00e1s, cuenta con el apoyo y articulaci\u00f3n del Ministerio de Educaci\u00f3n, Universidad Nacional de San Juan y Ministerio de Salud, y fue declarado de Inter\u00e9s Provincial por la C\u00e1mara de Diputados de San Juan.<\/p>\n<p>&nbsp;<\/p>\n<p><img loading=\"lazy\" decoding=\"async\" class=\"alignnone size-full wp-image-64251\" src=\"https:\/\/vocesparalelas.com.ar\/sitio\/wp-content\/uploads\/2023\/10\/CONECTAR-LAB-SAN-JUAN-01.jpg\" alt=\"\" width=\"800\" height=\"600\" srcset=\"https:\/\/vocesparalelas.com.ar\/sitio\/wp-content\/uploads\/2023\/10\/CONECTAR-LAB-SAN-JUAN-01.jpg 800w, https:\/\/vocesparalelas.com.ar\/sitio\/wp-content\/uploads\/2023\/10\/CONECTAR-LAB-SAN-JUAN-01-300x225.jpg 300w, https:\/\/vocesparalelas.com.ar\/sitio\/wp-content\/uploads\/2023\/10\/CONECTAR-LAB-SAN-JUAN-01-768x576.jpg 768w\" sizes=\"auto, (max-width: 800px) 100vw, 800px\" \/><\/p>\n","protected":false},"excerpt":{"rendered":"<p>El Viernes, 19 de Julio, concluy\u00f3 la primera actividad del Programa Educativo Agua = Vida impulsado por Obras Sanitarias y<\/p>\n","protected":false},"author":3,"featured_media":74945,"comment_status":"closed","ping_status":"closed","sticky":false,"template":"","format":"standard","meta":{"_acf_changed":false,"_seopress_robots_primary_cat":"none","_seopress_titles_title":"","_seopress_titles_desc":"","_seopress_robots_index":"","colormag_page_container_layout":"default_layout","colormag_page_sidebar_layout":"default_layout","footnotes":""},"categories":[1],"tags":[],"class_list":["post-74942","post","type-post","status-publish","format-standard","has-post-thumbnail","hentry","category-destacadas"],"acf":[],"_links":{"self":[{"href":"https:\/\/vocesparalelas.com.ar\/sitio\/wp-json\/wp\/v2\/posts\/74942","targetHints":{"allow":["GET"]}}],"collection":[{"href":"https:\/\/vocesparalelas.com.ar\/sitio\/wp-json\/wp\/v2\/posts"}],"about":[{"href":"https:\/\/vocesparalelas.com.ar\/sitio\/wp-json\/wp\/v2\/types\/post"}],"author":[{"embeddable":true,"href":"https:\/\/vocesparalelas.com.ar\/sitio\/wp-json\/wp\/v2\/users\/3"}],"replies":[{"embeddable":true,"href":"https:\/\/vocesparalelas.com.ar\/sitio\/wp-json\/wp\/v2\/comments?post=74942"}],"version-history":[{"count":1,"href":"https:\/\/vocesparalelas.com.ar\/sitio\/wp-json\/wp\/v2\/posts\/74942\/revisions"}],"predecessor-version":[{"id":74946,"href":"https:\/\/vocesparalelas.com.ar\/sitio\/wp-json\/wp\/v2\/posts\/74942\/revisions\/74946"}],"wp:featuredmedia":[{"embeddable":true,"href":"https:\/\/vocesparalelas.com.ar\/sitio\/wp-json\/wp\/v2\/media\/74945"}],"wp:attachment":[{"href":"https:\/\/vocesparalelas.com.ar\/sitio\/wp-json\/wp\/v2\/media?parent=74942"}],"wp:term":[{"taxonomy":"category","embeddable":true,"href":"https:\/\/vocesparalelas.com.ar\/sitio\/wp-json\/wp\/v2\/categories?post=74942"},{"taxonomy":"post_tag","embeddable":true,"href":"https:\/\/vocesparalelas.com.ar\/sitio\/wp-json\/wp\/v2\/tags?post=74942"}],"curies":[{"name":"wp","href":"https:\/\/api.w.org\/{rel}","templated":true}]}}