{"id":74915,"date":"2024-07-22T19:23:26","date_gmt":"2024-07-22T22:23:26","guid":{"rendered":"https:\/\/vocesparalelas.com.ar\/sitio\/?p=74915"},"modified":"2024-07-23T15:38:55","modified_gmt":"2024-07-23T18:38:55","slug":"aumenta-la-capacidad-del-saldo-maximo-para-la-carga-de-la-tarjeta-sube-en-la-redtulum-de-san-juan","status":"publish","type":"post","link":"https:\/\/vocesparalelas.com.ar\/sitio\/aumenta-la-capacidad-del-saldo-maximo-para-la-carga-de-la-tarjeta-sube-en-la-redtulum-de-san-juan\/","title":{"rendered":"Aumenta la capacidad del saldo m\u00e1ximo para la carga de la Tarjeta SUBE en la RedTulum de San Juan"},"content":{"rendered":"<p>El Ministerio de Gobierno de San Juan, a trav\u00e9s de la Secretar\u00eda de Tr\u00e1nsito y Transporte, informa que desde el 22 de Julio de 2024 aumenta la capacidad del saldo m\u00e1ximo para la carga de la Tarjeta SUBE, el cual ascender\u00e1 a $40.000.<\/p>\n<p>Esta medida permite que los usuarios puedan tener un monto mayor al actual en su Tarjeta SUBE, reduciendo la cantidad de recargas que deban realizar para continuar viajando en los colectivos de la RedTulum.<\/p>\n<p>En la primera etapa de implementaci\u00f3n de este nuevo cupo de carga, el beneficio estar\u00e1 disponible para usuarios que tengan la\u00a0<a href=\"https:\/\/sisanjuan.gob.ar\/23-gobierno\/2024-05-16\/56018-registra-tu-sube-desde-la-nueva-app\">nueva aplicaci\u00f3n de SUBE<\/a>, dado que es el \u00fanico medio habilitado por ahora para la acreditaci\u00f3n de saldos mayores a $9.900. Esta cifra es el l\u00edmite permitido para la carga a trav\u00e9s de Terminales Autom\u00e1ticas y con el m\u00e9todo de\u00a0<a href=\"https:\/\/sisanjuan.gob.ar\/23-gobierno\/2024-05-08\/55863-con-la-nueva-carga-a-bordo-aprovecha-el-funcionamiento-de-la-sube-digital\">Carga a Bordo<\/a>.<\/p>\n<p>Se informa adem\u00e1s que los montos provisorios para la compra de cargas mediante billeteras virtuales ser\u00e1n: $2.000, $3.000, $4.000, $5.000, $6.000, $7.000, $8.000 y $9.000.<\/p>\n<p><img loading=\"lazy\" decoding=\"async\" class=\"alignnone size-full wp-image-69210\" src=\"https:\/\/vocesparalelas.com.ar\/sitio\/wp-content\/uploads\/2024\/02\/REDTULUM-COLECTIVO-01.jpg\" alt=\"\" width=\"800\" height=\"470\" srcset=\"https:\/\/vocesparalelas.com.ar\/sitio\/wp-content\/uploads\/2024\/02\/REDTULUM-COLECTIVO-01.jpg 800w, https:\/\/vocesparalelas.com.ar\/sitio\/wp-content\/uploads\/2024\/02\/REDTULUM-COLECTIVO-01-300x176.jpg 300w, https:\/\/vocesparalelas.com.ar\/sitio\/wp-content\/uploads\/2024\/02\/REDTULUM-COLECTIVO-01-768x451.jpg 768w\" sizes=\"auto, (max-width: 800px) 100vw, 800px\" \/><\/p>\n","protected":false},"excerpt":{"rendered":"<p>El Ministerio de Gobierno de San Juan, a trav\u00e9s de la Secretar\u00eda de Tr\u00e1nsito y Transporte, informa que desde el<\/p>\n","protected":false},"author":3,"featured_media":26759,"comment_status":"closed","ping_status":"closed","sticky":false,"template":"","format":"standard","meta":{"_acf_changed":false,"_seopress_robots_primary_cat":"none","_seopress_titles_title":"","_seopress_titles_desc":"","_seopress_robots_index":"","colormag_page_container_layout":"default_layout","colormag_page_sidebar_layout":"default_layout","footnotes":""},"categories":[5],"tags":[],"class_list":["post-74915","post","type-post","status-publish","format-standard","has-post-thumbnail","hentry","category-ofrecimientos"],"acf":[],"_links":{"self":[{"href":"https:\/\/vocesparalelas.com.ar\/sitio\/wp-json\/wp\/v2\/posts\/74915","targetHints":{"allow":["GET"]}}],"collection":[{"href":"https:\/\/vocesparalelas.com.ar\/sitio\/wp-json\/wp\/v2\/posts"}],"about":[{"href":"https:\/\/vocesparalelas.com.ar\/sitio\/wp-json\/wp\/v2\/types\/post"}],"author":[{"embeddable":true,"href":"https:\/\/vocesparalelas.com.ar\/sitio\/wp-json\/wp\/v2\/users\/3"}],"replies":[{"embeddable":true,"href":"https:\/\/vocesparalelas.com.ar\/sitio\/wp-json\/wp\/v2\/comments?post=74915"}],"version-history":[{"count":1,"href":"https:\/\/vocesparalelas.com.ar\/sitio\/wp-json\/wp\/v2\/posts\/74915\/revisions"}],"predecessor-version":[{"id":74918,"href":"https:\/\/vocesparalelas.com.ar\/sitio\/wp-json\/wp\/v2\/posts\/74915\/revisions\/74918"}],"wp:featuredmedia":[{"embeddable":true,"href":"https:\/\/vocesparalelas.com.ar\/sitio\/wp-json\/wp\/v2\/media\/26759"}],"wp:attachment":[{"href":"https:\/\/vocesparalelas.com.ar\/sitio\/wp-json\/wp\/v2\/media?parent=74915"}],"wp:term":[{"taxonomy":"category","embeddable":true,"href":"https:\/\/vocesparalelas.com.ar\/sitio\/wp-json\/wp\/v2\/categories?post=74915"},{"taxonomy":"post_tag","embeddable":true,"href":"https:\/\/vocesparalelas.com.ar\/sitio\/wp-json\/wp\/v2\/tags?post=74915"}],"curies":[{"name":"wp","href":"https:\/\/api.w.org\/{rel}","templated":true}]}}