{"id":74890,"date":"2024-07-19T22:35:56","date_gmt":"2024-07-20T01:35:56","guid":{"rendered":"https:\/\/vocesparalelas.com.ar\/sitio\/?p=74890"},"modified":"2024-07-23T00:18:16","modified_gmt":"2024-07-23T03:18:16","slug":"firma-de-convenio-para-el-programa-de-microcreditos-para-pequenos-emprendedores-de-rivadavia","status":"publish","type":"post","link":"https:\/\/vocesparalelas.com.ar\/sitio\/firma-de-convenio-para-el-programa-de-microcreditos-para-pequenos-emprendedores-de-rivadavia\/","title":{"rendered":"Firma de convenio para el Programa de Microcr\u00e9ditos para Peque\u00f1os Emprendedores de Rivadavia"},"content":{"rendered":"<p>La Municipalidad de la Ciudad de Rivadavia firm\u00f3 un convenio con el Ministerio de Producci\u00f3n, Trabajo e Innovaci\u00f3n y la Agencia Calidad de San Juan para ponen a disposici\u00f3n 100 millones de pesos destinados a Peque\u00f1os Emprendedores con Microcr\u00e9ditos.<\/p>\n<figure id=\"attachment_74897\" aria-describedby=\"caption-attachment-74897\" style=\"width: 800px\" class=\"wp-caption alignnone\"><img loading=\"lazy\" decoding=\"async\" class=\"wp-image-74897 size-full\" src=\"https:\/\/vocesparalelas.com.ar\/sitio\/wp-content\/uploads\/2024\/07\/RIVADAVIA-CREDITOS-04.jpg\" alt=\"\" width=\"800\" height=\"533\" srcset=\"https:\/\/vocesparalelas.com.ar\/sitio\/wp-content\/uploads\/2024\/07\/RIVADAVIA-CREDITOS-04.jpg 800w, https:\/\/vocesparalelas.com.ar\/sitio\/wp-content\/uploads\/2024\/07\/RIVADAVIA-CREDITOS-04-300x200.jpg 300w, https:\/\/vocesparalelas.com.ar\/sitio\/wp-content\/uploads\/2024\/07\/RIVADAVIA-CREDITOS-04-768x512.jpg 768w\" sizes=\"auto, (max-width: 800px) 100vw, 800px\" \/><figcaption id=\"caption-attachment-74897\" class=\"wp-caption-text\">Presidente de la Agencia Calidad San Juan, Manuel Rodriguez<\/figcaption><\/figure>\n<p>&nbsp;<\/p>\n<figure id=\"attachment_74893\" aria-describedby=\"caption-attachment-74893\" style=\"width: 800px\" class=\"wp-caption alignnone\"><img loading=\"lazy\" decoding=\"async\" class=\"size-full wp-image-74893\" src=\"https:\/\/vocesparalelas.com.ar\/sitio\/wp-content\/uploads\/2024\/07\/RIVADAVIA-CREDITOS-01.jpg\" alt=\"\" width=\"800\" height=\"533\" srcset=\"https:\/\/vocesparalelas.com.ar\/sitio\/wp-content\/uploads\/2024\/07\/RIVADAVIA-CREDITOS-01.jpg 800w, https:\/\/vocesparalelas.com.ar\/sitio\/wp-content\/uploads\/2024\/07\/RIVADAVIA-CREDITOS-01-300x200.jpg 300w, https:\/\/vocesparalelas.com.ar\/sitio\/wp-content\/uploads\/2024\/07\/RIVADAVIA-CREDITOS-01-768x512.jpg 768w\" sizes=\"auto, (max-width: 800px) 100vw, 800px\" \/><figcaption id=\"caption-attachment-74893\" class=\"wp-caption-text\">Ministro de Producci\u00f3n, Trabajo e Innovaci\u00f3n del Gobierno de San Juan, CPN Gustavo Fern\u00e1ndez<\/figcaption><\/figure>\n<p>&nbsp;<\/p>\n<figure id=\"attachment_74894\" aria-describedby=\"caption-attachment-74894\" style=\"width: 800px\" class=\"wp-caption alignnone\"><img loading=\"lazy\" decoding=\"async\" class=\"size-full wp-image-74894\" src=\"https:\/\/vocesparalelas.com.ar\/sitio\/wp-content\/uploads\/2024\/07\/RIVADAVIA-CREDITOS-02.jpg\" alt=\"\" width=\"800\" height=\"533\" srcset=\"https:\/\/vocesparalelas.com.ar\/sitio\/wp-content\/uploads\/2024\/07\/RIVADAVIA-CREDITOS-02.jpg 800w, https:\/\/vocesparalelas.com.ar\/sitio\/wp-content\/uploads\/2024\/07\/RIVADAVIA-CREDITOS-02-300x200.jpg 300w, https:\/\/vocesparalelas.com.ar\/sitio\/wp-content\/uploads\/2024\/07\/RIVADAVIA-CREDITOS-02-768x512.jpg 768w\" sizes=\"auto, (max-width: 800px) 100vw, 800px\" \/><figcaption id=\"caption-attachment-74894\" class=\"wp-caption-text\">Intendente de la Municipalidad de la Ciudad de Rivadavia, Sergio Miodowsky<\/figcaption><\/figure>\n<p>Los proyectos que ser\u00e1n evaluados por la Agencia Calidad San Juan para que cada uno aprobado reciban un Microcr\u00e9ditos con baja inter\u00e9s, destinado a la compra de herramientas y material.<\/p>\n<p>El acuerdo prev\u00e9 la presentaci\u00f3n de proyectos de desarrollo productivo en dos categor\u00edas:<\/p>\n<ol>\n<li>Destinado a emprendedores en iniciaci\u00f3n, hasta $1.300.000 (un mill\u00f3n trescientos mil pesos).<\/li>\n<li>Destinado a emprendedores en crecimiento, hasta $2.000.000 (dos millones de pesos).<\/li>\n<\/ol>\n<p>Adem\u00e1s, establece una tasa de inter\u00e9s anual aproximada del 15% sobre el capital y un plazo de devoluci\u00f3n de 24 meses, comenzando a partir del 5to mes, con per\u00edodo de gracia.<\/p>\n<p>Las condiciones para postular un proyecto como acreedor de un microcr\u00e9dito son:<\/p>\n<ul>\n<li>El beneficiario debe ser ciudadano de Rivadavia.<\/li>\n<li>El proyecto debe ejecutarse en Rivadavia<\/li>\n<li>Tendr\u00e1n prioridad quienes hayan cursado la Escuela de Capacitaci\u00f3n de Oficios de Rivadavia (no excluyente).<\/li>\n<\/ul>\n<p>El plazo de presentaci\u00f3n de proyectos comienza el martes 23 de julio y la presentaci\u00f3n del mismo, se puede realizar de manera presencial en Agencia Calidad San Juan, 25 de Mayo 577 (E) o de manera virtual a trav\u00e9s de<\/p>\n<p><a href=\"https:\/\/agenciacalidadsanjuan.com.ar\">https:\/\/agenciacalidadsanjuan.com.ar<\/a><\/p>\n<p>En el acto participaron egresados y actuales alumnos de la Escuela de Capacitaci\u00f3n de Oficios de Rivadavia, quienes expusieron parte de sus emprendimientos personales. Luego de la firma del convenio, las autoridades presentes se expresaron en relaci\u00f3n a los beneficios que traer\u00e1 esta medida conjunta.<\/p>\n<p>El Secretario de Hacienda Municipal, CPN Osvaldo Mart\u00edn explic\u00f3 en que consiste el Microcr\u00e9dito Peque\u00f1os Emprendedores.<\/p>\n<p><iframe loading=\"lazy\" title=\"RIVADAVIA CPN\" width=\"800\" height=\"450\" src=\"https:\/\/www.youtube.com\/embed\/zB8lSGeKblg?feature=oembed\" frameborder=\"0\" allow=\"accelerometer; autoplay; clipboard-write; encrypted-media; gyroscope; picture-in-picture; web-share\" referrerpolicy=\"strict-origin-when-cross-origin\" allowfullscreen><\/iframe><\/p>\n<p>Luego, el Presidente de la Agencia Calidad San Juan, Manuel Rodriguez puntualiz\u00f3 que el Gobierno de San Juan y la Municipalidad de la Ciudad de Rivadavia pone a disposici\u00f3n estos Microcr\u00e9dito Peque\u00f1os Emprendedores y que son ellos responsables de la evaluaci\u00f3n de los proyectos.<\/p>\n<p><iframe loading=\"lazy\" title=\"RIVADAVIA\" width=\"800\" height=\"450\" src=\"https:\/\/www.youtube.com\/embed\/yXCjEjZOPrA?feature=oembed\" frameborder=\"0\" allow=\"accelerometer; autoplay; clipboard-write; encrypted-media; gyroscope; picture-in-picture; web-share\" referrerpolicy=\"strict-origin-when-cross-origin\" allowfullscreen><\/iframe><\/p>\n<p>Posteriormente, el Ministro de Producci\u00f3n, Trabajo e Innovaci\u00f3n del Gobierno de San Juan, CPN Gustavo Fern\u00e1ndez describi\u00f3 que la \u00fanica forma de ayudar a los peque\u00f1os emprendedores es otorgarle cr\u00e9ditos para que puedan adquirir herramientas y material.<\/p>\n<p>&nbsp;<\/p>\n<p><iframe loading=\"lazy\" title=\"RIVADAVIA MINISTRO CPN GUSTAVO FERN\u00c1NDEZ\" width=\"800\" height=\"450\" src=\"https:\/\/www.youtube.com\/embed\/cbBTBLI7QqY?feature=oembed\" frameborder=\"0\" allow=\"accelerometer; autoplay; clipboard-write; encrypted-media; gyroscope; picture-in-picture; web-share\" referrerpolicy=\"strict-origin-when-cross-origin\" allowfullscreen><\/iframe><\/p>\n<p>&nbsp;<\/p>\n<p>Finalmente, el Intendente de la Municipalidad de la Ciudad de Rivadavia, Sergio Miodowsky puntualiz\u00f3 que estas iniciativas son parte de la pol\u00edtica del estado municipal con el Gobierno de San Juan.<\/p>\n<p><iframe loading=\"lazy\" title=\"RIVADAVIA INTENDENTE SERGIO MIODOWSKY\" width=\"800\" height=\"450\" src=\"https:\/\/www.youtube.com\/embed\/iKyAorlB1Ys?feature=oembed\" frameborder=\"0\" allow=\"accelerometer; autoplay; clipboard-write; encrypted-media; gyroscope; picture-in-picture; web-share\" referrerpolicy=\"strict-origin-when-cross-origin\" allowfullscreen><\/iframe><\/p>\n<p>&nbsp;<\/p>\n<p><img loading=\"lazy\" decoding=\"async\" class=\"alignnone size-full wp-image-66896\" src=\"https:\/\/vocesparalelas.com.ar\/sitio\/wp-content\/uploads\/2023\/12\/RIVADAVIA-LOGO-NUEVO.jpg\" alt=\"\" width=\"800\" height=\"533\" srcset=\"https:\/\/vocesparalelas.com.ar\/sitio\/wp-content\/uploads\/2023\/12\/RIVADAVIA-LOGO-NUEVO.jpg 800w, https:\/\/vocesparalelas.com.ar\/sitio\/wp-content\/uploads\/2023\/12\/RIVADAVIA-LOGO-NUEVO-300x200.jpg 300w, https:\/\/vocesparalelas.com.ar\/sitio\/wp-content\/uploads\/2023\/12\/RIVADAVIA-LOGO-NUEVO-768x512.jpg 768w\" sizes=\"auto, (max-width: 800px) 100vw, 800px\" \/><\/p>\n","protected":false},"excerpt":{"rendered":"<p>La Municipalidad de la Ciudad de Rivadavia firm\u00f3 un convenio con el Ministerio de Producci\u00f3n, Trabajo e Innovaci\u00f3n y la<\/p>\n","protected":false},"author":3,"featured_media":74895,"comment_status":"closed","ping_status":"closed","sticky":false,"template":"","format":"standard","meta":{"_acf_changed":false,"_seopress_robots_primary_cat":"none","_seopress_titles_title":"","_seopress_titles_desc":"","_seopress_robots_index":"","colormag_page_container_layout":"default_layout","colormag_page_sidebar_layout":"default_layout","footnotes":""},"categories":[2,7],"tags":[],"class_list":["post-74890","post","type-post","status-publish","format-standard","has-post-thumbnail","hentry","category-convocatorias","category-videos"],"acf":[],"_links":{"self":[{"href":"https:\/\/vocesparalelas.com.ar\/sitio\/wp-json\/wp\/v2\/posts\/74890","targetHints":{"allow":["GET"]}}],"collection":[{"href":"https:\/\/vocesparalelas.com.ar\/sitio\/wp-json\/wp\/v2\/posts"}],"about":[{"href":"https:\/\/vocesparalelas.com.ar\/sitio\/wp-json\/wp\/v2\/types\/post"}],"author":[{"embeddable":true,"href":"https:\/\/vocesparalelas.com.ar\/sitio\/wp-json\/wp\/v2\/users\/3"}],"replies":[{"embeddable":true,"href":"https:\/\/vocesparalelas.com.ar\/sitio\/wp-json\/wp\/v2\/comments?post=74890"}],"version-history":[{"count":4,"href":"https:\/\/vocesparalelas.com.ar\/sitio\/wp-json\/wp\/v2\/posts\/74890\/revisions"}],"predecessor-version":[{"id":74905,"href":"https:\/\/vocesparalelas.com.ar\/sitio\/wp-json\/wp\/v2\/posts\/74890\/revisions\/74905"}],"wp:featuredmedia":[{"embeddable":true,"href":"https:\/\/vocesparalelas.com.ar\/sitio\/wp-json\/wp\/v2\/media\/74895"}],"wp:attachment":[{"href":"https:\/\/vocesparalelas.com.ar\/sitio\/wp-json\/wp\/v2\/media?parent=74890"}],"wp:term":[{"taxonomy":"category","embeddable":true,"href":"https:\/\/vocesparalelas.com.ar\/sitio\/wp-json\/wp\/v2\/categories?post=74890"},{"taxonomy":"post_tag","embeddable":true,"href":"https:\/\/vocesparalelas.com.ar\/sitio\/wp-json\/wp\/v2\/tags?post=74890"}],"curies":[{"name":"wp","href":"https:\/\/api.w.org\/{rel}","templated":true}]}}