{"id":74879,"date":"2024-07-19T20:41:28","date_gmt":"2024-07-19T23:41:28","guid":{"rendered":"https:\/\/vocesparalelas.com.ar\/sitio\/?p=74879"},"modified":"2024-07-19T20:41:28","modified_gmt":"2024-07-19T23:41:28","slug":"recorrida-por-el-yacimiento-e-instalaciones-de-la-mina-casposo-departamento-calingasta-de-san-juan","status":"publish","type":"post","link":"https:\/\/vocesparalelas.com.ar\/sitio\/recorrida-por-el-yacimiento-e-instalaciones-de-la-mina-casposo-departamento-calingasta-de-san-juan\/","title":{"rendered":"Recorrida por el yacimiento e instalaciones de la Mina Casposo, Departamento Calingasta de San Juan"},"content":{"rendered":"<p>Con el fin de conocer la actualidad de la mina Casposo en Calingasta, el equipo del Ministerio de Miner\u00eda provincial visit\u00f3 el yacimiento e instalaciones. La actividad, tambi\u00e9n, incluy\u00f3 una actividad vinculada a la constataci\u00f3n de los trabajos informados en la 6ta Actualizaci\u00f3n del Informe de Impacto Ambiental.<\/p>\n<p>Asimismo, el Ing. Rub\u00e9n Femen\u00eda, gerente general de la mina Casposo, junto a sus equipos t\u00e9cnicos, informaron sobre los trabajos de exploraci\u00f3n en los distintos objetivos vinculados a diferentes \u00e1reas mineralizadas. El prop\u00f3sito de estas exploraciones es verificar los recursos y reservas para futuros planes. Adem\u00e1s, se proporcion\u00f3 una actualizaci\u00f3n sobre las pruebas metal\u00fargicas realizadas hasta el momento.<\/p>\n<p>El equipo de Miner\u00eda, presidida por el ministro Dr. Juan Pablo Perea, estuvo conformado por Ing. Natalia Marchese, secretaria T\u00e9cnica, Ing. Denis Monardez, secretario de Gesti\u00f3n Ambiental y Control Minero, Ing. Guillermo Olgu\u00edn, secretario de Desarrollo Minero Sustentable y Ing. Roberto Moreno, director de Evaluaci\u00f3n Ambiental Minera.<\/p>\n<p><img loading=\"lazy\" decoding=\"async\" class=\"alignnone size-full wp-image-74883\" src=\"https:\/\/vocesparalelas.com.ar\/sitio\/wp-content\/uploads\/2024\/07\/MINA-CASPOSO-GENERAL.jpg\" alt=\"\" width=\"800\" height=\"451\" srcset=\"https:\/\/vocesparalelas.com.ar\/sitio\/wp-content\/uploads\/2024\/07\/MINA-CASPOSO-GENERAL.jpg 800w, https:\/\/vocesparalelas.com.ar\/sitio\/wp-content\/uploads\/2024\/07\/MINA-CASPOSO-GENERAL-300x169.jpg 300w, https:\/\/vocesparalelas.com.ar\/sitio\/wp-content\/uploads\/2024\/07\/MINA-CASPOSO-GENERAL-768x433.jpg 768w\" sizes=\"auto, (max-width: 800px) 100vw, 800px\" \/><\/p>\n<p>&nbsp;<\/p>\n","protected":false},"excerpt":{"rendered":"<p>Con el fin de conocer la actualidad de la mina Casposo en Calingasta, el equipo del Ministerio de Miner\u00eda provincial<\/p>\n","protected":false},"author":3,"featured_media":74882,"comment_status":"closed","ping_status":"closed","sticky":false,"template":"","format":"standard","meta":{"_acf_changed":false,"_seopress_robots_primary_cat":"none","_seopress_titles_title":"","_seopress_titles_desc":"","_seopress_robots_index":"","colormag_page_container_layout":"default_layout","colormag_page_sidebar_layout":"default_layout","footnotes":""},"categories":[1],"tags":[],"class_list":["post-74879","post","type-post","status-publish","format-standard","has-post-thumbnail","hentry","category-destacadas"],"acf":[],"_links":{"self":[{"href":"https:\/\/vocesparalelas.com.ar\/sitio\/wp-json\/wp\/v2\/posts\/74879","targetHints":{"allow":["GET"]}}],"collection":[{"href":"https:\/\/vocesparalelas.com.ar\/sitio\/wp-json\/wp\/v2\/posts"}],"about":[{"href":"https:\/\/vocesparalelas.com.ar\/sitio\/wp-json\/wp\/v2\/types\/post"}],"author":[{"embeddable":true,"href":"https:\/\/vocesparalelas.com.ar\/sitio\/wp-json\/wp\/v2\/users\/3"}],"replies":[{"embeddable":true,"href":"https:\/\/vocesparalelas.com.ar\/sitio\/wp-json\/wp\/v2\/comments?post=74879"}],"version-history":[{"count":1,"href":"https:\/\/vocesparalelas.com.ar\/sitio\/wp-json\/wp\/v2\/posts\/74879\/revisions"}],"predecessor-version":[{"id":74884,"href":"https:\/\/vocesparalelas.com.ar\/sitio\/wp-json\/wp\/v2\/posts\/74879\/revisions\/74884"}],"wp:featuredmedia":[{"embeddable":true,"href":"https:\/\/vocesparalelas.com.ar\/sitio\/wp-json\/wp\/v2\/media\/74882"}],"wp:attachment":[{"href":"https:\/\/vocesparalelas.com.ar\/sitio\/wp-json\/wp\/v2\/media?parent=74879"}],"wp:term":[{"taxonomy":"category","embeddable":true,"href":"https:\/\/vocesparalelas.com.ar\/sitio\/wp-json\/wp\/v2\/categories?post=74879"},{"taxonomy":"post_tag","embeddable":true,"href":"https:\/\/vocesparalelas.com.ar\/sitio\/wp-json\/wp\/v2\/tags?post=74879"}],"curies":[{"name":"wp","href":"https:\/\/api.w.org\/{rel}","templated":true}]}}