{"id":74867,"date":"2024-07-19T13:47:27","date_gmt":"2024-07-19T16:47:27","guid":{"rendered":"https:\/\/vocesparalelas.com.ar\/sitio\/?p=74867"},"modified":"2024-07-23T00:18:51","modified_gmt":"2024-07-23T03:18:51","slug":"los-estudiantes-y-docentes-de-san-juan-deben-presentar-la-credencial-en-la-redtulum","status":"publish","type":"post","link":"https:\/\/vocesparalelas.com.ar\/sitio\/los-estudiantes-y-docentes-de-san-juan-deben-presentar-la-credencial-en-la-redtulum\/","title":{"rendered":"Los estudiantes y docentes de San Juan deben presentar la credencial en la RedTulum"},"content":{"rendered":"<p>El Ministerio de Gobierno de San Juan informa que se encuentra en la etapa final de verificaci\u00f3n de datos de alumnos y docentes inscriptos al boleto escolar.<\/p>\n<p>En este contexto, y hasta tanto finalice la ejecuci\u00f3n del atributo escolar y docente en la tarjeta SUBE, las empresas de transporte p\u00fablico seguir\u00e1n recibiendo la credencial hasta el 31 de Agosto de 2024.<\/p>\n<p>Esta decisi\u00f3n se basa en la necesidad de llevarle tranquilidad a los estudiantes y docentes que se movilizan a trav\u00e9s de la RedTulum.<\/p>\n<p>En ese caso, los usuarios deben continuar presentando la credencial, con fecha de realizaci\u00f3n de 2024, incluso si est\u00e1 vencida.<\/p>\n<p><img loading=\"lazy\" decoding=\"async\" class=\"alignnone size-full wp-image-69210\" src=\"https:\/\/vocesparalelas.com.ar\/sitio\/wp-content\/uploads\/2024\/02\/REDTULUM-COLECTIVO-01.jpg\" alt=\"\" width=\"800\" height=\"470\" srcset=\"https:\/\/vocesparalelas.com.ar\/sitio\/wp-content\/uploads\/2024\/02\/REDTULUM-COLECTIVO-01.jpg 800w, https:\/\/vocesparalelas.com.ar\/sitio\/wp-content\/uploads\/2024\/02\/REDTULUM-COLECTIVO-01-300x176.jpg 300w, https:\/\/vocesparalelas.com.ar\/sitio\/wp-content\/uploads\/2024\/02\/REDTULUM-COLECTIVO-01-768x451.jpg 768w\" sizes=\"auto, (max-width: 800px) 100vw, 800px\" \/><\/p>\n","protected":false},"excerpt":{"rendered":"<p>El Ministerio de Gobierno de San Juan informa que se encuentra en la etapa final de verificaci\u00f3n de datos de<\/p>\n","protected":false},"author":3,"featured_media":26759,"comment_status":"closed","ping_status":"closed","sticky":false,"template":"","format":"standard","meta":{"_acf_changed":false,"_seopress_robots_primary_cat":"none","_seopress_titles_title":"","_seopress_titles_desc":"","_seopress_robots_index":"","colormag_page_container_layout":"default_layout","colormag_page_sidebar_layout":"default_layout","footnotes":""},"categories":[5],"tags":[],"class_list":["post-74867","post","type-post","status-publish","format-standard","has-post-thumbnail","hentry","category-ofrecimientos"],"acf":[],"_links":{"self":[{"href":"https:\/\/vocesparalelas.com.ar\/sitio\/wp-json\/wp\/v2\/posts\/74867","targetHints":{"allow":["GET"]}}],"collection":[{"href":"https:\/\/vocesparalelas.com.ar\/sitio\/wp-json\/wp\/v2\/posts"}],"about":[{"href":"https:\/\/vocesparalelas.com.ar\/sitio\/wp-json\/wp\/v2\/types\/post"}],"author":[{"embeddable":true,"href":"https:\/\/vocesparalelas.com.ar\/sitio\/wp-json\/wp\/v2\/users\/3"}],"replies":[{"embeddable":true,"href":"https:\/\/vocesparalelas.com.ar\/sitio\/wp-json\/wp\/v2\/comments?post=74867"}],"version-history":[{"count":1,"href":"https:\/\/vocesparalelas.com.ar\/sitio\/wp-json\/wp\/v2\/posts\/74867\/revisions"}],"predecessor-version":[{"id":74870,"href":"https:\/\/vocesparalelas.com.ar\/sitio\/wp-json\/wp\/v2\/posts\/74867\/revisions\/74870"}],"wp:featuredmedia":[{"embeddable":true,"href":"https:\/\/vocesparalelas.com.ar\/sitio\/wp-json\/wp\/v2\/media\/26759"}],"wp:attachment":[{"href":"https:\/\/vocesparalelas.com.ar\/sitio\/wp-json\/wp\/v2\/media?parent=74867"}],"wp:term":[{"taxonomy":"category","embeddable":true,"href":"https:\/\/vocesparalelas.com.ar\/sitio\/wp-json\/wp\/v2\/categories?post=74867"},{"taxonomy":"post_tag","embeddable":true,"href":"https:\/\/vocesparalelas.com.ar\/sitio\/wp-json\/wp\/v2\/tags?post=74867"}],"curies":[{"name":"wp","href":"https:\/\/api.w.org\/{rel}","templated":true}]}}