{"id":74838,"date":"2024-07-18T11:27:36","date_gmt":"2024-07-18T14:27:36","guid":{"rendered":"https:\/\/vocesparalelas.com.ar\/sitio\/?p=74838"},"modified":"2024-07-20T00:57:34","modified_gmt":"2024-07-20T03:57:34","slug":"caritas-argentina-recaudo-mas-de-1-500-millones-en-su-colecta-anual-tu-solidaridad-es-esperanza","status":"publish","type":"post","link":"https:\/\/vocesparalelas.com.ar\/sitio\/caritas-argentina-recaudo-mas-de-1-500-millones-en-su-colecta-anual-tu-solidaridad-es-esperanza\/","title":{"rendered":"C\u00e1ritas Argentina recaud\u00f3 m\u00e1s de 1.500 millones en su Colecta Anual \u201cTu solidaridad es esperanza\u201d"},"content":{"rendered":"<p>C\u00e1ritas Argentina informa que el total de lo recaudado en su Colecta Anual realizada el 8 y 9 de Junio de 2024 bajo el lema \u201cTu solidaridad es esperanza\u201d, asciende a $1.565.102.732,40.<\/p>\n<p>Esta cifra representa un 156 % de incremento respecto del a\u00f1o pasado y refleja una vez m\u00e1s la vocaci\u00f3n solidaria de nuestra sociedad que, a\u00fan en un contexto socioecon\u00f3mico tan dif\u00edcil como el que atravesamos, responde con generosidad en favor de las familias m\u00e1s postergadas.<\/p>\n<p>Por tal motivo, C\u00e1ritas reitera su agradecimiento a todos los que de alguna u otra manera hicieron su contribuci\u00f3n para alcanzar este resultado: a las muchas personas, instituciones y empresas que colaboraron aportando su dinero, a los voluntarios que brindaron su tiempo y su esfuerzo y a los profesionales y compa\u00f1\u00edas que contribuyeron con valiosos servicios.<\/p>\n<p>El dinero recaudado ser\u00e1 una gran ayuda para sostener los programas de promoci\u00f3n humana integral que C\u00e1ritas lleva adelante, durante todo el a\u00f1o, en todo el pa\u00eds.<\/p>\n<p>Finalmente, C\u00e1ritas Argentina agradece tambi\u00e9n la confianza y el apoyo constante que la sociedad deposita en nuestra tarea, expresado de muchas maneras a lo largo del tiempo. Este compromiso mutuo, hace realmente posible que la solidaridad de muchos se transforme en esperanza de un futuro mejor para tantas familias que sufren<br \/>\npor situaciones de pobreza y marginaci\u00f3n.<\/p>\n<p>Conscientes de todo lo que a\u00fan nos queda por hacer juntos, C\u00e1ritas invita a renovar este compromiso de servicio y a seguir colaborando a trav\u00e9s de la p\u00e1gina<\/p>\n<p><a href=\"http:\/\/www.caritas.org.ar\">http:\/\/www.caritas.org.ar<\/a><\/p>\n<p><img loading=\"lazy\" decoding=\"async\" class=\"alignnone size-large wp-image-21393\" src=\"https:\/\/vocesparalelas.com.ar\/sitio\/wp-content\/uploads\/2019\/05\/CARITA-LOGO-SOLIDARIA-800x573.jpg\" alt=\"\" width=\"800\" height=\"573\" srcset=\"https:\/\/vocesparalelas.com.ar\/sitio\/wp-content\/uploads\/2019\/05\/CARITA-LOGO-SOLIDARIA-800x573.jpg 800w, https:\/\/vocesparalelas.com.ar\/sitio\/wp-content\/uploads\/2019\/05\/CARITA-LOGO-SOLIDARIA-300x215.jpg 300w, https:\/\/vocesparalelas.com.ar\/sitio\/wp-content\/uploads\/2019\/05\/CARITA-LOGO-SOLIDARIA-768x550.jpg 768w, https:\/\/vocesparalelas.com.ar\/sitio\/wp-content\/uploads\/2019\/05\/CARITA-LOGO-SOLIDARIA.jpg 1000w\" sizes=\"auto, (max-width: 800px) 100vw, 800px\" \/><\/p>\n<p>&nbsp;<\/p>\n","protected":false},"excerpt":{"rendered":"<p>C\u00e1ritas Argentina informa que el total de lo recaudado en su Colecta Anual realizada el 8 y 9 de Junio<\/p>\n","protected":false},"author":3,"featured_media":60436,"comment_status":"closed","ping_status":"closed","sticky":false,"template":"","format":"standard","meta":{"_acf_changed":false,"_seopress_robots_primary_cat":"none","_seopress_titles_title":"","_seopress_titles_desc":"","_seopress_robots_index":"","colormag_page_container_layout":"default_layout","colormag_page_sidebar_layout":"default_layout","footnotes":""},"categories":[10],"tags":[],"class_list":["post-74838","post","type-post","status-publish","format-standard","has-post-thumbnail","hentry","category-opiniones"],"acf":[],"_links":{"self":[{"href":"https:\/\/vocesparalelas.com.ar\/sitio\/wp-json\/wp\/v2\/posts\/74838","targetHints":{"allow":["GET"]}}],"collection":[{"href":"https:\/\/vocesparalelas.com.ar\/sitio\/wp-json\/wp\/v2\/posts"}],"about":[{"href":"https:\/\/vocesparalelas.com.ar\/sitio\/wp-json\/wp\/v2\/types\/post"}],"author":[{"embeddable":true,"href":"https:\/\/vocesparalelas.com.ar\/sitio\/wp-json\/wp\/v2\/users\/3"}],"replies":[{"embeddable":true,"href":"https:\/\/vocesparalelas.com.ar\/sitio\/wp-json\/wp\/v2\/comments?post=74838"}],"version-history":[{"count":1,"href":"https:\/\/vocesparalelas.com.ar\/sitio\/wp-json\/wp\/v2\/posts\/74838\/revisions"}],"predecessor-version":[{"id":74841,"href":"https:\/\/vocesparalelas.com.ar\/sitio\/wp-json\/wp\/v2\/posts\/74838\/revisions\/74841"}],"wp:featuredmedia":[{"embeddable":true,"href":"https:\/\/vocesparalelas.com.ar\/sitio\/wp-json\/wp\/v2\/media\/60436"}],"wp:attachment":[{"href":"https:\/\/vocesparalelas.com.ar\/sitio\/wp-json\/wp\/v2\/media?parent=74838"}],"wp:term":[{"taxonomy":"category","embeddable":true,"href":"https:\/\/vocesparalelas.com.ar\/sitio\/wp-json\/wp\/v2\/categories?post=74838"},{"taxonomy":"post_tag","embeddable":true,"href":"https:\/\/vocesparalelas.com.ar\/sitio\/wp-json\/wp\/v2\/tags?post=74838"}],"curies":[{"name":"wp","href":"https:\/\/api.w.org\/{rel}","templated":true}]}}