{"id":74822,"date":"2024-07-17T23:28:41","date_gmt":"2024-07-18T02:28:41","guid":{"rendered":"https:\/\/vocesparalelas.com.ar\/sitio\/?p=74822"},"modified":"2024-07-20T00:58:03","modified_gmt":"2024-07-20T03:58:03","slug":"i-congreso-internacional-de-criminalistica-y-ciencias-forenses-en-san-juan","status":"publish","type":"post","link":"https:\/\/vocesparalelas.com.ar\/sitio\/i-congreso-internacional-de-criminalistica-y-ciencias-forenses-en-san-juan\/","title":{"rendered":"I Congreso Internacional de Criminal\u00edstica y Ciencias Forenses en San Juan"},"content":{"rendered":"<p>La Secretar\u00eda de Estado de Seguridad y Orden P\u00fablico del Gobierno de San Juan, colabora en la organizaci\u00f3n a trav\u00e9s de la Direcci\u00f3n de Modernizaci\u00f3n y Capacitaci\u00f3n; del I Congreso Internacional de Criminal\u00edstica y Ciencias Forenses, un evento que congrega a expertos y profesionales de M\u00e9xico, Colombia, Chile, Bolivia y Argentina; para explorar y debatir sobre temas innovadores en el campo de la criminal\u00edstica y ciencias forenses.<\/p>\n<p>Promete ser un espacio para el intercambio de conocimientos, la actualizaci\u00f3n en t\u00e9cnicas y la discusi\u00f3n de casos de relevancia internacional.<\/p>\n<p>Durante el congreso, se abordan una amplia gama de temas, tales como la concientizaci\u00f3n de los accidentes de tr\u00e1nsito, la importancia de la fotograf\u00eda subacu\u00e1tica en investigaciones criminales, el an\u00e1lisis forense de firmas ol\u00f3grafas, trayectorias bal\u00edsticas, t\u00e9cnicas de levantamiento de huellas, uso de drones en an\u00e1lisis forenses, identificaci\u00f3n qu\u00edmica de residuos por disparo de armas de fuego, entre otros temas de relevancia en la ciencia forense.<\/p>\n<p>El mismo se lleva a cabo del 18 al 20 de Septiembre de 2024 en San Juan, en el Centro de Convenciones Guillermo Barrena Guzm\u00e1n.<\/p>\n<p>Est\u00e1 dirigido al personal de las fuerzas de seguridad, funcionarios de Ministerio P\u00fablico, abogados, peritos de parte, estudiantes de criminal\u00edstica y de las carreras de seguridad, como tambi\u00e9n a toda persona que est\u00e9 vinculada a la ciencia criminal\u00edstica y pericias forenses.<\/p>\n<p>Se puede adquirir el acceso anticipado hasta el 25 de Agosto a un precio especial. Los costos de los mismos incluyen beneficios exclusivos como participaci\u00f3n a conferencias, talleres de expertos, oportunidades de networking y materiales adicionales.<\/p>\n<p>Los interesados en participar del I Congreso de Criminal\u00edstica y Ciencias Forenses, pueden ingresar a la p\u00e1gina web oficial<\/p>\n<p><a href=\"https:\/\/congresocriminalistica.policiadesanjuan.gob.ar\/inicio\/\">https:\/\/congresocriminalistica.policiadesanjuan.gob.ar\/inicio\/<\/a><\/p>\n<p>para conocer m\u00e1s sobre los especialistas y sus ponencias. Tambi\u00e9n para inscribirse y conocer las promociones en cuanto al valor de la inscripci\u00f3n.<\/p>\n<p>&nbsp;<\/p>\n","protected":false},"excerpt":{"rendered":"<p>La Secretar\u00eda de Estado de Seguridad y Orden P\u00fablico del Gobierno de San Juan, colabora en la organizaci\u00f3n a trav\u00e9s<\/p>\n","protected":false},"author":3,"featured_media":74825,"comment_status":"closed","ping_status":"closed","sticky":false,"template":"","format":"standard","meta":{"_acf_changed":false,"_seopress_robots_primary_cat":"none","_seopress_titles_title":"","_seopress_titles_desc":"","_seopress_robots_index":"","colormag_page_container_layout":"default_layout","colormag_page_sidebar_layout":"default_layout","footnotes":""},"categories":[2],"tags":[],"class_list":["post-74822","post","type-post","status-publish","format-standard","has-post-thumbnail","hentry","category-convocatorias"],"acf":[],"_links":{"self":[{"href":"https:\/\/vocesparalelas.com.ar\/sitio\/wp-json\/wp\/v2\/posts\/74822","targetHints":{"allow":["GET"]}}],"collection":[{"href":"https:\/\/vocesparalelas.com.ar\/sitio\/wp-json\/wp\/v2\/posts"}],"about":[{"href":"https:\/\/vocesparalelas.com.ar\/sitio\/wp-json\/wp\/v2\/types\/post"}],"author":[{"embeddable":true,"href":"https:\/\/vocesparalelas.com.ar\/sitio\/wp-json\/wp\/v2\/users\/3"}],"replies":[{"embeddable":true,"href":"https:\/\/vocesparalelas.com.ar\/sitio\/wp-json\/wp\/v2\/comments?post=74822"}],"version-history":[{"count":1,"href":"https:\/\/vocesparalelas.com.ar\/sitio\/wp-json\/wp\/v2\/posts\/74822\/revisions"}],"predecessor-version":[{"id":74826,"href":"https:\/\/vocesparalelas.com.ar\/sitio\/wp-json\/wp\/v2\/posts\/74822\/revisions\/74826"}],"wp:featuredmedia":[{"embeddable":true,"href":"https:\/\/vocesparalelas.com.ar\/sitio\/wp-json\/wp\/v2\/media\/74825"}],"wp:attachment":[{"href":"https:\/\/vocesparalelas.com.ar\/sitio\/wp-json\/wp\/v2\/media?parent=74822"}],"wp:term":[{"taxonomy":"category","embeddable":true,"href":"https:\/\/vocesparalelas.com.ar\/sitio\/wp-json\/wp\/v2\/categories?post=74822"},{"taxonomy":"post_tag","embeddable":true,"href":"https:\/\/vocesparalelas.com.ar\/sitio\/wp-json\/wp\/v2\/tags?post=74822"}],"curies":[{"name":"wp","href":"https:\/\/api.w.org\/{rel}","templated":true}]}}