{"id":74815,"date":"2024-07-17T23:20:34","date_gmt":"2024-07-18T02:20:34","guid":{"rendered":"https:\/\/vocesparalelas.com.ar\/sitio\/?p=74815"},"modified":"2024-07-18T15:35:36","modified_gmt":"2024-07-18T18:35:36","slug":"compania-marvel-y-me-quedo-en-rivadavia","status":"publish","type":"post","link":"https:\/\/vocesparalelas.com.ar\/sitio\/compania-marvel-y-me-quedo-en-rivadavia\/","title":{"rendered":"Compa\u00f1\u00eda Marvel y \u00abMe quedo en Rivadavia\u00bb"},"content":{"rendered":"<p>La Municipalidad de la Ciudad de Rivadavia presenta el S\u00e1bado, 20 de Julio, a las 16 hs.; en el Parque de Rivadavia, a los superh\u00e9roes m\u00e1s queridos por los chicos: la Compa\u00f1\u00eda Marvel, junto al \u00eddolo del f\u00fatbol Lionel Messi y \u00abMe quedo en Rivadavia\u00bb.<\/p>\n<p>Spiderman, Capit\u00e1n Am\u00e9rica, Ironman, Wonderwoman, y Venom son acompa\u00f1ados por el l\u00edder de la selecci\u00f3n argentina en una tarde \u00fanica de show, proezas y fotos con la familia completa.<\/p>\n<p>El evento es parte del resto de las actividades programadas como los shows en vivo, exposici\u00f3n de artesanos y emprendedores y talleres culturales.<\/p>\n<p>Pero la programaci\u00f3n no queda solo en las actividades del D\u00eda del Amigo, para la jornada del Domingo, 21 de Julio, el anfiteatro del Parque se convierte en una gran sala de cine cuando se proyecten pel\u00edculas de animaci\u00f3n para los chicos, junto a los artesanos y los talleres culturales.<\/p>\n<p><img loading=\"lazy\" decoding=\"async\" class=\"alignnone size-large wp-image-15197\" src=\"https:\/\/vocesparalelas.com.ar\/sitio\/wp-content\/uploads\/2018\/09\/PARQUE-DE-RIVADAVIA-01-800x600.jpg\" alt=\"\" width=\"800\" height=\"600\" srcset=\"https:\/\/vocesparalelas.com.ar\/sitio\/wp-content\/uploads\/2018\/09\/PARQUE-DE-RIVADAVIA-01-800x600.jpg 800w, https:\/\/vocesparalelas.com.ar\/sitio\/wp-content\/uploads\/2018\/09\/PARQUE-DE-RIVADAVIA-01-300x225.jpg 300w, https:\/\/vocesparalelas.com.ar\/sitio\/wp-content\/uploads\/2018\/09\/PARQUE-DE-RIVADAVIA-01-768x576.jpg 768w, https:\/\/vocesparalelas.com.ar\/sitio\/wp-content\/uploads\/2018\/09\/PARQUE-DE-RIVADAVIA-01.jpg 1000w\" sizes=\"auto, (max-width: 800px) 100vw, 800px\" \/><\/p>\n<p>La propuesta se completa con dos actividades deportivas para el Viernes, 19 de Julio: Trekking Kids con una salida especial para Padres e hijos desde las 15 hs en la Hoster\u00eda Domingo Faustino Sarmiento y ese mismo d\u00eda, se activa Zumba Masterclass con Karina Palacios desde las 16 hs en el Paseo Sarmiento.<\/p>\n<p>&nbsp;<\/p>\n<p>Por ello, el Intendente de la Municipalidad de la Ciudad de Rivadavia, Sergio Miodowsky instruy\u00f3 a su equipo a que confeccione un itinerario completo de actividades con el objetivo de que los chicos disfruten en familia en estas vacaciones.<\/p>\n<p><img loading=\"lazy\" decoding=\"async\" class=\"alignnone size-full wp-image-66896\" src=\"https:\/\/vocesparalelas.com.ar\/sitio\/wp-content\/uploads\/2023\/12\/RIVADAVIA-LOGO-NUEVO.jpg\" alt=\"\" width=\"800\" height=\"533\" srcset=\"https:\/\/vocesparalelas.com.ar\/sitio\/wp-content\/uploads\/2023\/12\/RIVADAVIA-LOGO-NUEVO.jpg 800w, https:\/\/vocesparalelas.com.ar\/sitio\/wp-content\/uploads\/2023\/12\/RIVADAVIA-LOGO-NUEVO-300x200.jpg 300w, https:\/\/vocesparalelas.com.ar\/sitio\/wp-content\/uploads\/2023\/12\/RIVADAVIA-LOGO-NUEVO-768x512.jpg 768w\" sizes=\"auto, (max-width: 800px) 100vw, 800px\" \/><\/p>\n","protected":false},"excerpt":{"rendered":"<p>La Municipalidad de la Ciudad de Rivadavia presenta el S\u00e1bado, 20 de Julio, a las 16 hs.; en el Parque<\/p>\n","protected":false},"author":3,"featured_media":74820,"comment_status":"closed","ping_status":"closed","sticky":false,"template":"","format":"standard","meta":{"_acf_changed":false,"_seopress_robots_primary_cat":"none","_seopress_titles_title":"","_seopress_titles_desc":"","_seopress_robots_index":"","colormag_page_container_layout":"default_layout","colormag_page_sidebar_layout":"default_layout","footnotes":""},"categories":[20],"tags":[],"class_list":["post-74815","post","type-post","status-publish","format-standard","has-post-thumbnail","hentry","category-cartelera"],"acf":[],"_links":{"self":[{"href":"https:\/\/vocesparalelas.com.ar\/sitio\/wp-json\/wp\/v2\/posts\/74815","targetHints":{"allow":["GET"]}}],"collection":[{"href":"https:\/\/vocesparalelas.com.ar\/sitio\/wp-json\/wp\/v2\/posts"}],"about":[{"href":"https:\/\/vocesparalelas.com.ar\/sitio\/wp-json\/wp\/v2\/types\/post"}],"author":[{"embeddable":true,"href":"https:\/\/vocesparalelas.com.ar\/sitio\/wp-json\/wp\/v2\/users\/3"}],"replies":[{"embeddable":true,"href":"https:\/\/vocesparalelas.com.ar\/sitio\/wp-json\/wp\/v2\/comments?post=74815"}],"version-history":[{"count":1,"href":"https:\/\/vocesparalelas.com.ar\/sitio\/wp-json\/wp\/v2\/posts\/74815\/revisions"}],"predecessor-version":[{"id":74821,"href":"https:\/\/vocesparalelas.com.ar\/sitio\/wp-json\/wp\/v2\/posts\/74815\/revisions\/74821"}],"wp:featuredmedia":[{"embeddable":true,"href":"https:\/\/vocesparalelas.com.ar\/sitio\/wp-json\/wp\/v2\/media\/74820"}],"wp:attachment":[{"href":"https:\/\/vocesparalelas.com.ar\/sitio\/wp-json\/wp\/v2\/media?parent=74815"}],"wp:term":[{"taxonomy":"category","embeddable":true,"href":"https:\/\/vocesparalelas.com.ar\/sitio\/wp-json\/wp\/v2\/categories?post=74815"},{"taxonomy":"post_tag","embeddable":true,"href":"https:\/\/vocesparalelas.com.ar\/sitio\/wp-json\/wp\/v2\/tags?post=74815"}],"curies":[{"name":"wp","href":"https:\/\/api.w.org\/{rel}","templated":true}]}}