{"id":74810,"date":"2024-07-17T21:36:46","date_gmt":"2024-07-18T00:36:46","guid":{"rendered":"https:\/\/vocesparalelas.com.ar\/sitio\/?p=74810"},"modified":"2024-07-18T23:19:40","modified_gmt":"2024-07-19T02:19:40","slug":"firma-de-convenio-de-cooperacion-y-asistencia-de-caracter-estructural-organizativo-academico-y-financiero-en-san-juan","status":"publish","type":"post","link":"https:\/\/vocesparalelas.com.ar\/sitio\/firma-de-convenio-de-cooperacion-y-asistencia-de-caracter-estructural-organizativo-academico-y-financiero-en-san-juan\/","title":{"rendered":"Firma de convenio de cooperaci\u00f3n y asistencia de car\u00e1cter estructural, organizativo, acad\u00e9mico y financiero en San Juan"},"content":{"rendered":"<p>En la secretar\u00eda privada del ministerio de Salud del Gobierno de San Juan se firm\u00f3 un convenio marco de cooperaci\u00f3n y asistencia entre la cartera sanitaria y la empresa Glencore Pach\u00f3n S.A.<\/p>\n<p>Para la ocasi\u00f3n, el ministro de Salud, Dr. Amilcar Diobladez y los apoderados de la empresa, Ing. Jorge Sausset y el Dr. Marcos Conca, rubricaron el acta.<\/p>\n<p>El convenio, es un compromiso mutuo para establecer relaciones de cooperaci\u00f3n y asistencia en tem\u00e1ticas como preparaci\u00f3n y realizaci\u00f3n de campa\u00f1as de promoci\u00f3n de la salud en Calingasta, articulaci\u00f3n de proyectos para la ejecuci\u00f3n de obras en hospitales y Centros de Atenci\u00f3n Primaria. Tambi\u00e9n, prevalencia de enfermedades, resultados de campa\u00f1as de salud en ese departamento, entre otros.<\/p>\n<p>La empresa Glencore Pach\u00f3n es titular del \u201cProyecto minero El Pach\u00f3n\u201d, Departamento Calingasta, es un emprendimiento de cobre, actualmente en etapa de actualizaci\u00f3n de su Estudio de Impacto Ambiental. Dentro de su programa de acci\u00f3n de Desarrollo Sostenible, ha identificado diferentes necesidades de la poblaci\u00f3n de dicho departamento, entre ellos algunos relativos al fortalecimiento de la Salud.<\/p>\n<p>Por estas necesidades de la empresa y el objetivo del ministerio de llegar a la poblaci\u00f3n de San Juan por igual con el mejor servicio de salud, es que se celebra el presente convenio, en compa\u00f1\u00eda, tambi\u00e9n, del Secretario de Planeamiento y Control de Gesti\u00f3n, Gast\u00f3n Jofre y de la directora de Asuntos Legales, Mariana Paz.<\/p>\n<p>&nbsp;<\/p>\n<p>&nbsp;<\/p>\n<p>&nbsp;<\/p>\n","protected":false},"excerpt":{"rendered":"<p>En la secretar\u00eda privada del ministerio de Salud del Gobierno de San Juan se firm\u00f3 un convenio marco de cooperaci\u00f3n<\/p>\n","protected":false},"author":3,"featured_media":74813,"comment_status":"closed","ping_status":"closed","sticky":false,"template":"","format":"standard","meta":{"_acf_changed":false,"_seopress_robots_primary_cat":"none","_seopress_titles_title":"","_seopress_titles_desc":"","_seopress_robots_index":"","colormag_page_container_layout":"default_layout","colormag_page_sidebar_layout":"default_layout","footnotes":""},"categories":[15],"tags":[],"class_list":["post-74810","post","type-post","status-publish","format-standard","has-post-thumbnail","hentry","category-posgrados"],"acf":[],"_links":{"self":[{"href":"https:\/\/vocesparalelas.com.ar\/sitio\/wp-json\/wp\/v2\/posts\/74810","targetHints":{"allow":["GET"]}}],"collection":[{"href":"https:\/\/vocesparalelas.com.ar\/sitio\/wp-json\/wp\/v2\/posts"}],"about":[{"href":"https:\/\/vocesparalelas.com.ar\/sitio\/wp-json\/wp\/v2\/types\/post"}],"author":[{"embeddable":true,"href":"https:\/\/vocesparalelas.com.ar\/sitio\/wp-json\/wp\/v2\/users\/3"}],"replies":[{"embeddable":true,"href":"https:\/\/vocesparalelas.com.ar\/sitio\/wp-json\/wp\/v2\/comments?post=74810"}],"version-history":[{"count":1,"href":"https:\/\/vocesparalelas.com.ar\/sitio\/wp-json\/wp\/v2\/posts\/74810\/revisions"}],"predecessor-version":[{"id":74814,"href":"https:\/\/vocesparalelas.com.ar\/sitio\/wp-json\/wp\/v2\/posts\/74810\/revisions\/74814"}],"wp:featuredmedia":[{"embeddable":true,"href":"https:\/\/vocesparalelas.com.ar\/sitio\/wp-json\/wp\/v2\/media\/74813"}],"wp:attachment":[{"href":"https:\/\/vocesparalelas.com.ar\/sitio\/wp-json\/wp\/v2\/media?parent=74810"}],"wp:term":[{"taxonomy":"category","embeddable":true,"href":"https:\/\/vocesparalelas.com.ar\/sitio\/wp-json\/wp\/v2\/categories?post=74810"},{"taxonomy":"post_tag","embeddable":true,"href":"https:\/\/vocesparalelas.com.ar\/sitio\/wp-json\/wp\/v2\/tags?post=74810"}],"curies":[{"name":"wp","href":"https:\/\/api.w.org\/{rel}","templated":true}]}}