{"id":74781,"date":"2024-07-16T17:12:15","date_gmt":"2024-07-16T20:12:15","guid":{"rendered":"https:\/\/vocesparalelas.com.ar\/sitio\/?p=74781"},"modified":"2024-07-16T23:12:30","modified_gmt":"2024-07-17T02:12:30","slug":"japon-interesado-en-inversiones-productivas-mineras-y-energeticas-de-san-juan","status":"publish","type":"post","link":"https:\/\/vocesparalelas.com.ar\/sitio\/japon-interesado-en-inversiones-productivas-mineras-y-energeticas-de-san-juan\/","title":{"rendered":"Jap\u00f3n interesado en inversiones productivas, mineras y energ\u00e9ticas de San Juan"},"content":{"rendered":"<p>Profundizar relaciones comerciales bilaterales\u00a0es el objetivo de la visita de una importante delegaci\u00f3n de la Organizaci\u00f3n de Comercio Exterior de Jap\u00f3n \u201cJapan External Trade Organization \u2013JETRO-\u201d con el Gobierno de San Juan para sostener diferentes reuniones en materia productiva, minera y energ\u00e9tica.<\/p>\n<p>El primer d\u00eda incluy\u00f3 tres reuniones con el foco puesto en la matriz productiva sanjuanina. En la sala de reuniones del Ministerio de Producci\u00f3n, Trabajo e innovaci\u00f3n, los representantes del JETRO\u00a0se reunieron con el\u00a0ministro Gustavo Fern\u00e1ndez\u00a0y equipo. Luego, dialogaron con la C\u00e1mara de Comercio Exterior de San Juan.<\/p>\n<p>El\u00a0titular de la cartera productiva, CPN Gustavo Fern\u00e1ndez explic\u00f3 que \u00abpara San Juan es muy importante continuar abriendo oportunidades en materia de comercio exterior, como as\u00ed tambi\u00e9n la posibilidad de recibir inversiones.\u00a0Jap\u00f3n es una plaza muy importante, tanto como destino de los productos sanjuaninos, como as\u00ed tambi\u00e9n como origen de capitales que pueden estar interesados en\u00a0desarrollar actividades en la provincia el sector de la miner\u00eda, agroindustria.\u00a0Jap\u00f3n tambi\u00e9n puede proveernos y\u00a0ayudarnos tambi\u00e9n a mejorar nuestra cultura industrial y empresarial.\u00a0Son un modelo vinculado a la mejora continua y los procesos de mejora en la calidad en su matriz productiva\u201d.<\/p>\n<p>Acompa\u00f1aron al\u00a0ministro Gustavo Fern\u00e1ndez\u00a0a la reuni\u00f3n, el\u00a0secretario de Coordinaci\u00f3n para el Desarrollo Econ\u00f3mico, Alfredo Aciar; el\u00a0secretario de Agricultura, Ganader\u00eda y Agroindustria, Miguel Moreno; el\u00a0secretario de Industria, Comercio y Servicios, Alejandro Mart\u00edn; el\u00a0secretario de Ciencia, Tecnolog\u00eda e Innovaci\u00f3n, Germ\u00e1n Von Euw. Tambi\u00e9n estuvieron presentes el\u00a0director de Comercio Exterior, Adri\u00e1n Alonso; el\u00a0gerente t\u00e9cnico ASJDI, Mauricio Andrada; y la\u00a0responsable Unidad de Inversiones ASJDI, Carolina Marino.<\/p>\n<p>Por parte del JETRO asistieron el director general, Yusuke Nishizawa, la directora de Proyectos de Jetro Buenos Aires, Silvia Yamaki, y el asesor de JETRO Buenos Aires, Santiago Brignole.<\/p>\n<p><span style=\"color: #ff6600;\"><strong>Jap\u00f3n, un pa\u00eds que elige productos de San Juan<\/strong><\/span><\/p>\n<p>Es importante se\u00f1alar que la provincia de San Juan tiene una importante\u00a0tradici\u00f3n de negocios con Jap\u00f3n\u00a0como\u00a0el jugo concentrado de uva, semillas de hortalizas para siembra, mosto con agregado de alcohol; vinos excluidos espumosos, tomates preparados o conservados, ajos frescos, pasas de uvas y salsas.<\/p>\n<p>Si bien en el 2023 las ventas externas locales a este pa\u00eds se retrajeron un 35% al tocar el piso de U$S 11,9 millones FOB luego de los U$S 18,1 millones del 2022, es espera que la nueva pol\u00edtica macroecon\u00f3mica nacional, sumado al apoyo provincial y nacional a la recuperaci\u00f3n del perfil exportador, ayuden a reconquistar el mercado.<\/p>\n<p><span style=\"color: #ff6600;\"><strong>Cierre de la visita con el sector minero y energ\u00e9tico de San Jua<\/strong><\/span><\/p>\n<p>El martes ser\u00e1 el segundo d\u00eda de encuentros de la comitiva del JETRO en la provincia. El primero se llevar\u00e1 a cabo con el ministro de Miner\u00eda, Juan Pablo Perea. Luego, dialogar\u00e1n con autoridades de Energ\u00eda Provincial Sociedad del Estado (EPSE). Culmina con la reuni\u00f3n con representantes de la C\u00e1mara Minera de San Juan.<\/p>\n<p><span style=\"color: #ff6600;\"><strong>Sobre el JETRO<\/strong><\/span><\/p>\n<p>La\u00a0Organizaci\u00f3n de Comercio Exterior de Jap\u00f3n \u2013JETRO-, es un organismo aut\u00f3nomo de car\u00e1cter gubernamental de Jap\u00f3n, fundado en 1958 con el\u00a0objetivo de impulsar y desarrollar actividades relacionadas con la promoci\u00f3n del comercio internacional y las inversiones de Jap\u00f3n.<br \/>\nJETRO Buenos Aires, fue establecido en 1962, como la oficina encargada para Argentina, Paraguay y Uruguay. Brinda orientaci\u00f3n y asesoramiento; recaba y confecciona informes acerca de la regi\u00f3n. Adem\u00e1s, organiza misiones comerciales, seminarios, participaciones en ferias con el\u00a0objetivo de mejorar los lazos econ\u00f3micos y comerciales entre \u00e9stos pa\u00edses y el pa\u00eds asi\u00e1tico.<\/p>\n","protected":false},"excerpt":{"rendered":"<p>Profundizar relaciones comerciales bilaterales\u00a0es el objetivo de la visita de una importante delegaci\u00f3n de la Organizaci\u00f3n de Comercio Exterior de<\/p>\n","protected":false},"author":3,"featured_media":74784,"comment_status":"closed","ping_status":"closed","sticky":false,"template":"","format":"standard","meta":{"_acf_changed":false,"_seopress_robots_primary_cat":"none","_seopress_titles_title":"","_seopress_titles_desc":"","_seopress_robots_index":"","colormag_page_container_layout":"default_layout","colormag_page_sidebar_layout":"default_layout","footnotes":""},"categories":[1],"tags":[],"class_list":["post-74781","post","type-post","status-publish","format-standard","has-post-thumbnail","hentry","category-destacadas"],"acf":[],"_links":{"self":[{"href":"https:\/\/vocesparalelas.com.ar\/sitio\/wp-json\/wp\/v2\/posts\/74781","targetHints":{"allow":["GET"]}}],"collection":[{"href":"https:\/\/vocesparalelas.com.ar\/sitio\/wp-json\/wp\/v2\/posts"}],"about":[{"href":"https:\/\/vocesparalelas.com.ar\/sitio\/wp-json\/wp\/v2\/types\/post"}],"author":[{"embeddable":true,"href":"https:\/\/vocesparalelas.com.ar\/sitio\/wp-json\/wp\/v2\/users\/3"}],"replies":[{"embeddable":true,"href":"https:\/\/vocesparalelas.com.ar\/sitio\/wp-json\/wp\/v2\/comments?post=74781"}],"version-history":[{"count":1,"href":"https:\/\/vocesparalelas.com.ar\/sitio\/wp-json\/wp\/v2\/posts\/74781\/revisions"}],"predecessor-version":[{"id":74785,"href":"https:\/\/vocesparalelas.com.ar\/sitio\/wp-json\/wp\/v2\/posts\/74781\/revisions\/74785"}],"wp:featuredmedia":[{"embeddable":true,"href":"https:\/\/vocesparalelas.com.ar\/sitio\/wp-json\/wp\/v2\/media\/74784"}],"wp:attachment":[{"href":"https:\/\/vocesparalelas.com.ar\/sitio\/wp-json\/wp\/v2\/media?parent=74781"}],"wp:term":[{"taxonomy":"category","embeddable":true,"href":"https:\/\/vocesparalelas.com.ar\/sitio\/wp-json\/wp\/v2\/categories?post=74781"},{"taxonomy":"post_tag","embeddable":true,"href":"https:\/\/vocesparalelas.com.ar\/sitio\/wp-json\/wp\/v2\/tags?post=74781"}],"curies":[{"name":"wp","href":"https:\/\/api.w.org\/{rel}","templated":true}]}}