{"id":74771,"date":"2024-07-16T17:29:00","date_gmt":"2024-07-16T20:29:00","guid":{"rendered":"https:\/\/vocesparalelas.com.ar\/sitio\/?p=74771"},"modified":"2024-07-17T23:21:10","modified_gmt":"2024-07-18T02:21:10","slug":"prevencion-en-san-juan-con-los-especialistas-en-ambientes-montanosos","status":"publish","type":"post","link":"https:\/\/vocesparalelas.com.ar\/sitio\/prevencion-en-san-juan-con-los-especialistas-en-ambientes-montanosos\/","title":{"rendered":"Prevenci\u00f3n en San Juan con los especialistas en ambientes monta\u00f1osos"},"content":{"rendered":"<p>Los especialistas en ambientes monta\u00f1osos brindan asesoramiento extendido en los principales puntos de trekking en San Juan. Ellos conforman el grupo de Prevenci\u00f3n de Monta\u00f1a para prestar servicio a los que llegan Parque Quebrada de Zonda, el dique Punta Negra y el cerro Tres Mar\u00edas.<\/p>\n<p>Recuerda siempre que a la monta\u00f1a hay que respetarla seguir las recomendaciones del grupo de Prevenci\u00f3n de Monta\u00f1a para evitar accidentes o extrav\u00edos por desorientaci\u00f3n. Toma conciencia.<\/p>\n<p>Es por ello por lo que, durante el receso invernal se instruye al p\u00fablico los Jueves, Viernes, S\u00e1bado y Domingo, de 10 a 18 hs. Una vez finalizadas las vacaciones de invierno, los Gu\u00edas de Monta\u00f1a est\u00e1n disponibles para consultas los Viernes, S\u00e1bado y Domingo, de 10 a 18 hs.; para prestar el servicio de asesoramiento y recomendaciones.<\/p>\n<p>Ante la consulta al subsecretario de Turismo, Juan Casta\u00f1ares, asegur\u00f3 que \u201cresulta un servicio esencial, tanto para los sanjuaninos como para quienes nos visitan\u201d.<\/p>\n<p>\u00abEs importancia de generar conciencia activa sobre la prevenci\u00f3n y el control que los gu\u00edas de monta\u00f1a realizan en el lugar. \u201cDe esta forma, turistas y residentes locales podr\u00e1n sentirse seguros a la hora de encarar un recorrido por los distintos senderos que tiene la Quebrada de Zonda, el cerro Tres Mar\u00edas y el dique Punta Negra\u201d.<\/p>\n<p>La decisi\u00f3n de refrendar el servicio durante el receso de invierno se da en un contexto en que la afluencia de visitantes es a\u00fan mayor, por lo que result\u00f3 fundamental la articulaci\u00f3n entre el grupo de Prevenci\u00f3n de Monta\u00f1a y el Ministerio de Turismo, Cultura y Deporte del Gobierno de San Juan.<\/p>\n<p><img loading=\"lazy\" decoding=\"async\" class=\"alignnone size-large wp-image-45511\" src=\"https:\/\/vocesparalelas.com.ar\/sitio\/wp-content\/uploads\/2022\/01\/TRAIKING-ZONDA-800x545.jpg\" alt=\"\" width=\"800\" height=\"545\" srcset=\"https:\/\/vocesparalelas.com.ar\/sitio\/wp-content\/uploads\/2022\/01\/TRAIKING-ZONDA-800x545.jpg 800w, https:\/\/vocesparalelas.com.ar\/sitio\/wp-content\/uploads\/2022\/01\/TRAIKING-ZONDA-300x204.jpg 300w, https:\/\/vocesparalelas.com.ar\/sitio\/wp-content\/uploads\/2022\/01\/TRAIKING-ZONDA-768x524.jpg 768w, https:\/\/vocesparalelas.com.ar\/sitio\/wp-content\/uploads\/2022\/01\/TRAIKING-ZONDA-130x90.jpg 130w, https:\/\/vocesparalelas.com.ar\/sitio\/wp-content\/uploads\/2022\/01\/TRAIKING-ZONDA.jpg 1024w\" sizes=\"auto, (max-width: 800px) 100vw, 800px\" \/><\/p>\n<p>&nbsp;<\/p>\n","protected":false},"excerpt":{"rendered":"<p>Los especialistas en ambientes monta\u00f1osos brindan asesoramiento extendido en los principales puntos de trekking en San Juan. Ellos conforman el<\/p>\n","protected":false},"author":3,"featured_media":74774,"comment_status":"closed","ping_status":"closed","sticky":false,"template":"","format":"standard","meta":{"_acf_changed":false,"_seopress_robots_primary_cat":"none","_seopress_titles_title":"","_seopress_titles_desc":"","_seopress_robots_index":"","colormag_page_container_layout":"default_layout","colormag_page_sidebar_layout":"default_layout","footnotes":""},"categories":[6],"tags":[],"class_list":["post-74771","post","type-post","status-publish","format-standard","has-post-thumbnail","hentry","category-eventos"],"acf":[],"_links":{"self":[{"href":"https:\/\/vocesparalelas.com.ar\/sitio\/wp-json\/wp\/v2\/posts\/74771","targetHints":{"allow":["GET"]}}],"collection":[{"href":"https:\/\/vocesparalelas.com.ar\/sitio\/wp-json\/wp\/v2\/posts"}],"about":[{"href":"https:\/\/vocesparalelas.com.ar\/sitio\/wp-json\/wp\/v2\/types\/post"}],"author":[{"embeddable":true,"href":"https:\/\/vocesparalelas.com.ar\/sitio\/wp-json\/wp\/v2\/users\/3"}],"replies":[{"embeddable":true,"href":"https:\/\/vocesparalelas.com.ar\/sitio\/wp-json\/wp\/v2\/comments?post=74771"}],"version-history":[{"count":1,"href":"https:\/\/vocesparalelas.com.ar\/sitio\/wp-json\/wp\/v2\/posts\/74771\/revisions"}],"predecessor-version":[{"id":74775,"href":"https:\/\/vocesparalelas.com.ar\/sitio\/wp-json\/wp\/v2\/posts\/74771\/revisions\/74775"}],"wp:featuredmedia":[{"embeddable":true,"href":"https:\/\/vocesparalelas.com.ar\/sitio\/wp-json\/wp\/v2\/media\/74774"}],"wp:attachment":[{"href":"https:\/\/vocesparalelas.com.ar\/sitio\/wp-json\/wp\/v2\/media?parent=74771"}],"wp:term":[{"taxonomy":"category","embeddable":true,"href":"https:\/\/vocesparalelas.com.ar\/sitio\/wp-json\/wp\/v2\/categories?post=74771"},{"taxonomy":"post_tag","embeddable":true,"href":"https:\/\/vocesparalelas.com.ar\/sitio\/wp-json\/wp\/v2\/tags?post=74771"}],"curies":[{"name":"wp","href":"https:\/\/api.w.org\/{rel}","templated":true}]}}