{"id":74757,"date":"2024-07-16T17:13:58","date_gmt":"2024-07-16T20:13:58","guid":{"rendered":"https:\/\/vocesparalelas.com.ar\/sitio\/?p=74757"},"modified":"2024-07-16T21:20:34","modified_gmt":"2024-07-17T00:20:34","slug":"mujeres-se-sumaron-a-la-prevencion-del-cancer-de-cuello-de-utero-y-del-cancer-de-mama-en-rivadavia","status":"publish","type":"post","link":"https:\/\/vocesparalelas.com.ar\/sitio\/mujeres-se-sumaron-a-la-prevencion-del-cancer-de-cuello-de-utero-y-del-cancer-de-mama-en-rivadavia\/","title":{"rendered":"Mujeres se sumaron a la prevenci\u00f3n del C\u00e1ncer de cuello de \u00fatero y del C\u00e1ncer de mama en Rivadavia"},"content":{"rendered":"<p>El Lunes, 15 de Julio, la Municipalidad de la Ciudad de Rivadavia y la Fundaci\u00f3n Sanatorio Argentino lograron trabajo conjunto con el trailer de la Fundaci\u00f3n con especialistas para realizar controles ginecol\u00f3gicos para la prevenci\u00f3n del C\u00e1ncer de cuello de \u00fatero y del C\u00e1ncer de mama, en la Villa Lourdes.<\/p>\n<p>De esta manera gran cantidad de mujeres de la zona se realizaron los controles ginecol\u00f3gicos de rigor anual, donde se realizaron 40 ex\u00e1menes a quienes concurrieron a consulta y esperaron el turno para la atenci\u00f3n.<\/p>\n<p><img loading=\"lazy\" decoding=\"async\" class=\"alignnone size-full wp-image-74752\" src=\"https:\/\/vocesparalelas.com.ar\/sitio\/wp-content\/uploads\/2024\/07\/RIVADAVIA-GINCOLOGICO-02.jpg\" alt=\"\" width=\"800\" height=\"534\" srcset=\"https:\/\/vocesparalelas.com.ar\/sitio\/wp-content\/uploads\/2024\/07\/RIVADAVIA-GINCOLOGICO-02.jpg 800w, https:\/\/vocesparalelas.com.ar\/sitio\/wp-content\/uploads\/2024\/07\/RIVADAVIA-GINCOLOGICO-02-300x200.jpg 300w, https:\/\/vocesparalelas.com.ar\/sitio\/wp-content\/uploads\/2024\/07\/RIVADAVIA-GINCOLOGICO-02-768x513.jpg 768w\" sizes=\"auto, (max-width: 800px) 100vw, 800px\" \/><\/p>\n<p>El convite cont\u00f3 con la presencia de 8 profesionales, aparatolog\u00eda e insumos m\u00e9dicos y la forma de atenci\u00f3n fue gratuita y destinada a mujeres que desearan consultar sobre su estado de salud.<\/p>\n<p><img loading=\"lazy\" decoding=\"async\" class=\"alignnone size-full wp-image-74753\" src=\"https:\/\/vocesparalelas.com.ar\/sitio\/wp-content\/uploads\/2024\/07\/RIVADAVIA-GINCOLOGICO-01.jpg\" alt=\"\" width=\"800\" height=\"534\" srcset=\"https:\/\/vocesparalelas.com.ar\/sitio\/wp-content\/uploads\/2024\/07\/RIVADAVIA-GINCOLOGICO-01.jpg 800w, https:\/\/vocesparalelas.com.ar\/sitio\/wp-content\/uploads\/2024\/07\/RIVADAVIA-GINCOLOGICO-01-300x200.jpg 300w, https:\/\/vocesparalelas.com.ar\/sitio\/wp-content\/uploads\/2024\/07\/RIVADAVIA-GINCOLOGICO-01-768x513.jpg 768w\" sizes=\"auto, (max-width: 800px) 100vw, 800px\" \/><\/p>\n<p>El objetivo es la prevenci\u00f3n y detecci\u00f3n precoz de C\u00e1ncer de cuello de \u00fatero y C\u00e1ncer de mama, para ellos se realizar\u00e1n estudios como examen de mama, colposcop\u00eda, PAP, cepillado endocervical y biopsia en los casos que sean necesarios.<\/p>\n<p>Desde la instituci\u00f3n adem\u00e1s aclararon que los resultados se est\u00e1n envi\u00e1ndose en 30 d\u00edas a las dependencias municipales y a partir de ese momento, se realizar\u00e1n los seguimientos correspondientes en todos los casos de hallazgos de alguna patolog\u00eda pre-cancerosa o cancerosa de algunos de los tipos mencionados.<\/p>\n<p>Por ello, el Intendente de la Municipalidad de la Ciudad de Rivadavia, Sergio Miodowsky ha priorizado la salud de sus vecinos como pol\u00edtica de estado, facilitando los recursos y herramientas necesarias para el bienestar de la comunidad.<\/p>\n<p><img loading=\"lazy\" decoding=\"async\" class=\"alignnone size-full wp-image-66896\" src=\"https:\/\/vocesparalelas.com.ar\/sitio\/wp-content\/uploads\/2023\/12\/RIVADAVIA-LOGO-NUEVO.jpg\" alt=\"\" width=\"800\" height=\"533\" srcset=\"https:\/\/vocesparalelas.com.ar\/sitio\/wp-content\/uploads\/2023\/12\/RIVADAVIA-LOGO-NUEVO.jpg 800w, https:\/\/vocesparalelas.com.ar\/sitio\/wp-content\/uploads\/2023\/12\/RIVADAVIA-LOGO-NUEVO-300x200.jpg 300w, https:\/\/vocesparalelas.com.ar\/sitio\/wp-content\/uploads\/2023\/12\/RIVADAVIA-LOGO-NUEVO-768x512.jpg 768w\" sizes=\"auto, (max-width: 800px) 100vw, 800px\" \/><\/p>\n<p>&nbsp;<\/p>\n","protected":false},"excerpt":{"rendered":"<p>El Lunes, 15 de Julio, la Municipalidad de la Ciudad de Rivadavia y la Fundaci\u00f3n Sanatorio Argentino lograron trabajo conjunto<\/p>\n","protected":false},"author":3,"featured_media":74751,"comment_status":"closed","ping_status":"closed","sticky":false,"template":"","format":"standard","meta":{"_acf_changed":false,"_seopress_robots_primary_cat":"none","_seopress_titles_title":"","_seopress_titles_desc":"","_seopress_robots_index":"","colormag_page_container_layout":"default_layout","colormag_page_sidebar_layout":"default_layout","footnotes":""},"categories":[1],"tags":[],"class_list":["post-74757","post","type-post","status-publish","format-standard","has-post-thumbnail","hentry","category-destacadas"],"acf":[],"_links":{"self":[{"href":"https:\/\/vocesparalelas.com.ar\/sitio\/wp-json\/wp\/v2\/posts\/74757","targetHints":{"allow":["GET"]}}],"collection":[{"href":"https:\/\/vocesparalelas.com.ar\/sitio\/wp-json\/wp\/v2\/posts"}],"about":[{"href":"https:\/\/vocesparalelas.com.ar\/sitio\/wp-json\/wp\/v2\/types\/post"}],"author":[{"embeddable":true,"href":"https:\/\/vocesparalelas.com.ar\/sitio\/wp-json\/wp\/v2\/users\/3"}],"replies":[{"embeddable":true,"href":"https:\/\/vocesparalelas.com.ar\/sitio\/wp-json\/wp\/v2\/comments?post=74757"}],"version-history":[{"count":1,"href":"https:\/\/vocesparalelas.com.ar\/sitio\/wp-json\/wp\/v2\/posts\/74757\/revisions"}],"predecessor-version":[{"id":74760,"href":"https:\/\/vocesparalelas.com.ar\/sitio\/wp-json\/wp\/v2\/posts\/74757\/revisions\/74760"}],"wp:featuredmedia":[{"embeddable":true,"href":"https:\/\/vocesparalelas.com.ar\/sitio\/wp-json\/wp\/v2\/media\/74751"}],"wp:attachment":[{"href":"https:\/\/vocesparalelas.com.ar\/sitio\/wp-json\/wp\/v2\/media?parent=74757"}],"wp:term":[{"taxonomy":"category","embeddable":true,"href":"https:\/\/vocesparalelas.com.ar\/sitio\/wp-json\/wp\/v2\/categories?post=74757"},{"taxonomy":"post_tag","embeddable":true,"href":"https:\/\/vocesparalelas.com.ar\/sitio\/wp-json\/wp\/v2\/tags?post=74757"}],"curies":[{"name":"wp","href":"https:\/\/api.w.org\/{rel}","templated":true}]}}