{"id":74748,"date":"2024-07-16T14:45:41","date_gmt":"2024-07-16T17:45:41","guid":{"rendered":"https:\/\/vocesparalelas.com.ar\/sitio\/?p=74748"},"modified":"2024-07-16T21:20:57","modified_gmt":"2024-07-17T00:20:57","slug":"exitoso-rivadavia-sonrie-con-una-gran-convocatoria-de-pacientes-para-las-protesis-dentales","status":"publish","type":"post","link":"https:\/\/vocesparalelas.com.ar\/sitio\/exitoso-rivadavia-sonrie-con-una-gran-convocatoria-de-pacientes-para-las-protesis-dentales\/","title":{"rendered":"Exitoso \u00abRivadavia Sonr\u00ede\u00bb con una gran convocatoria de pacientes para las pr\u00f3tesis dentales"},"content":{"rendered":"<p>La Municipalidad de la Ciudad de Rivadavia inscribi\u00f3 a los postulantes por las 100 pr\u00f3tesis dentales gratuitas de la primera etapa del programa \u00abRivadavia Sonr\u00ede\u00bb.<\/p>\n<p>Se trata de una iniciativa novedosa, financiada \u00edntegramente con fondos municipales, por la cual se asiste a 100 adultos mayores con pr\u00f3tesis dentales.<\/p>\n<p>Para acceder al beneficio, los postulantes se presentaron en la sede de Salud del municipio, Av. Libertador 5112 (O) esquina Santo Domingo, presentando certificaci\u00f3n negativa de ANSES.<\/p>\n<p>A partir de ahora, y de la base de datos de inscriptos, se seleccionar\u00e1 a quienes que tengan mayores dificultades en acceder a este tipo de prestaciones.<\/p>\n<p>Luego, los beneficiarios ser\u00e1n contactados y se agendar\u00e1n los turnos necesarios para el examen cl\u00ednico, la toma de impresiones, la prueba de modelo y finalmente la entrega.<\/p>\n<p>El Intendente Sergio Miodowsky considera que el bienestar de su vecinos es una prioridad y por eso gestiona en salud como una pol\u00edtica de Estado.<\/p>\n<p><img loading=\"lazy\" decoding=\"async\" class=\"alignnone size-full wp-image-74300\" src=\"https:\/\/vocesparalelas.com.ar\/sitio\/wp-content\/uploads\/2024\/07\/RIVADAVIA-SONRIE-01.jpg\" alt=\"\" width=\"800\" height=\"600\" srcset=\"https:\/\/vocesparalelas.com.ar\/sitio\/wp-content\/uploads\/2024\/07\/RIVADAVIA-SONRIE-01.jpg 800w, https:\/\/vocesparalelas.com.ar\/sitio\/wp-content\/uploads\/2024\/07\/RIVADAVIA-SONRIE-01-300x225.jpg 300w, https:\/\/vocesparalelas.com.ar\/sitio\/wp-content\/uploads\/2024\/07\/RIVADAVIA-SONRIE-01-768x576.jpg 768w\" sizes=\"auto, (max-width: 800px) 100vw, 800px\" \/><\/p>\n<p>&nbsp;<\/p>\n","protected":false},"excerpt":{"rendered":"<p>La Municipalidad de la Ciudad de Rivadavia inscribi\u00f3 a los postulantes por las 100 pr\u00f3tesis dentales gratuitas de la primera<\/p>\n","protected":false},"author":3,"featured_media":74754,"comment_status":"closed","ping_status":"closed","sticky":false,"template":"","format":"standard","meta":{"_acf_changed":false,"_seopress_robots_primary_cat":"none","_seopress_titles_title":"","_seopress_titles_desc":"","_seopress_robots_index":"","colormag_page_container_layout":"default_layout","colormag_page_sidebar_layout":"default_layout","footnotes":""},"categories":[1],"tags":[],"class_list":["post-74748","post","type-post","status-publish","format-standard","has-post-thumbnail","hentry","category-destacadas"],"acf":[],"_links":{"self":[{"href":"https:\/\/vocesparalelas.com.ar\/sitio\/wp-json\/wp\/v2\/posts\/74748","targetHints":{"allow":["GET"]}}],"collection":[{"href":"https:\/\/vocesparalelas.com.ar\/sitio\/wp-json\/wp\/v2\/posts"}],"about":[{"href":"https:\/\/vocesparalelas.com.ar\/sitio\/wp-json\/wp\/v2\/types\/post"}],"author":[{"embeddable":true,"href":"https:\/\/vocesparalelas.com.ar\/sitio\/wp-json\/wp\/v2\/users\/3"}],"replies":[{"embeddable":true,"href":"https:\/\/vocesparalelas.com.ar\/sitio\/wp-json\/wp\/v2\/comments?post=74748"}],"version-history":[{"count":2,"href":"https:\/\/vocesparalelas.com.ar\/sitio\/wp-json\/wp\/v2\/posts\/74748\/revisions"}],"predecessor-version":[{"id":74756,"href":"https:\/\/vocesparalelas.com.ar\/sitio\/wp-json\/wp\/v2\/posts\/74748\/revisions\/74756"}],"wp:featuredmedia":[{"embeddable":true,"href":"https:\/\/vocesparalelas.com.ar\/sitio\/wp-json\/wp\/v2\/media\/74754"}],"wp:attachment":[{"href":"https:\/\/vocesparalelas.com.ar\/sitio\/wp-json\/wp\/v2\/media?parent=74748"}],"wp:term":[{"taxonomy":"category","embeddable":true,"href":"https:\/\/vocesparalelas.com.ar\/sitio\/wp-json\/wp\/v2\/categories?post=74748"},{"taxonomy":"post_tag","embeddable":true,"href":"https:\/\/vocesparalelas.com.ar\/sitio\/wp-json\/wp\/v2\/tags?post=74748"}],"curies":[{"name":"wp","href":"https:\/\/api.w.org\/{rel}","templated":true}]}}