{"id":74741,"date":"2024-07-16T17:13:47","date_gmt":"2024-07-16T20:13:47","guid":{"rendered":"https:\/\/vocesparalelas.com.ar\/sitio\/?p=74741"},"modified":"2024-07-16T17:13:47","modified_gmt":"2024-07-16T20:13:47","slug":"entregaron-49-viviendas-a-familias-del-departamento-rawson-de-san-juan","status":"publish","type":"post","link":"https:\/\/vocesparalelas.com.ar\/sitio\/entregaron-49-viviendas-a-familias-del-departamento-rawson-de-san-juan\/","title":{"rendered":"Entregaron 49 viviendas a familias del Departamento\u00a0Rawson de San Juan"},"content":{"rendered":"<p>El gobernador de San Juan, Dr. Marcelo Orrego entreg\u00f3 las llaves de 49 nuevas viviendas a familias del Departamento\u00a0 Rawson, del Barrio La Jarilla.<\/p>\n<p>La obra estuvo a cargo de la empresa constructora UTE Copisa-Balato-Tecno S.R.L.<\/p>\n<p>Acompa\u00f1aron al gobernador, el intendente de la Municipalidad de la Ciudad de Rawson, Dr. Carlos Munisaga; los Ministros de Infraestructura, Agua y Energ\u00eda, Arq. Fernando Perea; de Gobierno, Dra. Laura Palma; Turismo, Cultura y Deporte, Dr. Guido Romero, diputada Nacional, Dra. Nancy Pic\u00f3n, directora del IPV, Arq. Elina Peralta, dem\u00e1s funcionarios provinciales y departamentales.<\/p>\n<p>Durante la entrega, el gobernador Dr. Marcelo Orrego manifest\u00f3 que \u00abla posibilidad de entregar una vivienda es especial porque, claramente, cuando uno comienza un programa y lo consolida a lo largo de una gesti\u00f3n, lo primero que piensa es en hacer. Gobernar significa eso: hacer. Y tener la oportunidad de estar ac\u00e1, de poder dar respuesta en momentos dif\u00edciles, donde todos sabemos que Argentina est\u00e1 pasando por una crisis, es significativo\u201d. Agreg\u00f3 adem\u00e1s que \u201cen los momentos dif\u00edciles tambi\u00e9n se demuestra la templanza y el coraje para tomar decisiones. En San Juan, durante este tiempo tan complicado, hemos tomado decisiones que tienen que ver con el bienestar de la gente. Apenas pudimos, lo hicimos. Fuimos la primera provincia en poner en marcha la labor p\u00fablica en toda la Argentina, y eso no es poca cosa. Sabemos lo que significa para la gente, no solo en t\u00e9rminos de conservaci\u00f3n de fuentes de trabajo, sino tambi\u00e9n en la creaci\u00f3n de nuevas oportunidades\u201d.<\/p>\n<p>\u201cEste gobierno ha trabajado y seguir\u00e1 trabajando para que se siga desarrollando la obra p\u00fablica. Ayer tambi\u00e9n anunci\u00e9 un programa de pavimento que abarcar\u00e1 los 19 municipios de San Juan. Antes, la provincia aportaba el 80% y los municipios el 20%; en la \u00faltima administraci\u00f3n fue un 50% cada uno. Pero ahora, en momentos de tormenta, hemos decidido que la provincia aporte el 100% de los recursos. Creemos firmemente en la necesidad de trabajar juntos y unidos. No es tiempo de peleas inocuas, sino de que todos los sanjuaninos tiren para el mismo lado\u201d.<br \/>\nFinaliz\u00f3 diciendo que \u201csolo me queda agradecerles. Siempre es un honor estar en este hermoso departamento de Rawson, que me dio la posibilidad de ser gobernador. Gracias a cada uno de ustedes por darme esa oportunidad. Que Dios los bendiga, disfruten su hermosa casa y que siempre nos encontremos unidos\u201d.<\/p>\n<p>Por su lado, el intendente de la Municipalidad de la Ciudad de Rawson, Dr. Carlos Munisaga subray\u00f3 que \u00abquiero agradecer al Gobierno de la provincia, que ha hecho todas las gestiones necesarias para que este barrio pudiera concluirse y entregarse en el d\u00eda de hoy, trayendo tanta felicidad a las familias que lo estaban esperando. Hay que agregar que este complejo habitacional colinda con los barrios Vi\u00f1edos del Sur, Medalla Milagrosa y San Expedito y al Norte por el Victorino Ortega\u00bb.<\/p>\n<p><iframe loading=\"lazy\" title=\"Orrego entreg\u00f3 las llaves de nuevas viviendas a familias en Rawson\" width=\"800\" height=\"450\" src=\"https:\/\/www.youtube.com\/embed\/DK5XELEUSUM?feature=oembed\" frameborder=\"0\" allow=\"accelerometer; autoplay; clipboard-write; encrypted-media; gyroscope; picture-in-picture; web-share\" referrerpolicy=\"strict-origin-when-cross-origin\" allowfullscreen><\/iframe><\/p>\n<p><strong><span style=\"color: #339966;\">M\u00e1s datos del barrio<\/span><\/strong><\/p>\n<p>El flamante complejo cuenta con sistema de redes de agua, de gas, de cloacas y el\u00e9ctrica. Por otra parte, la formaci\u00f3n del sistema vial contempla una jerarquizaci\u00f3n de la v\u00eda central de circulaci\u00f3n, brindando conexi\u00f3n norte-sur, y v\u00edas secundarias conectando con barrios linderos. De esta forma logra una articulaci\u00f3n armoniosa de los distintos espacios urbanos, con correcta integraci\u00f3n con su entorno inmediato. Cada vivienda tiene una superficie de 63.10 m2, cocina-comedor, ba\u00f1o completo, dos dormitorios y lavadero exterior.<\/p>\n<p>Los trabajos realizados en el barrio se encuadraron en el C\u00f3digo de Edificaci\u00f3n de la Provincia de San Juan, Normas C.I.R.S.O.C., Normas IRAM y reglamentaciones del IPV.<\/p>\n<p>Por otro lado, el proyecto de la vivienda permite transformarla en evolutiva a bajo costo; poseen estructura sismorresistente, mamposter\u00eda de ladrill\u00f3n; el revoque exterior es t\u00e9rmico salpicado con color y losa de hormig\u00f3n armado con cielorraso de hormig\u00f3n visto.<\/p>\n<p>En cuanto al interior de las unidades habitacionales poseen cer\u00e1micos de alto tr\u00e1nsito, revestimientos en cocina y ba\u00f1o. Colocaron carpinter\u00edas de aluminio en ventanas, met\u00e1lica y de madera en puertas. Las ventanas incluyen vidrios de 4mm y medio, mosquiteros de aluminio fijo y malla met\u00e1lica.<\/p>\n<p>El sector del living comedor tiene techo chapa panel. El ba\u00f1o tiene inodoro, bidet y lavatorio; cocina con todos sus artefactos, grifer\u00edas de primera calidad, mesada de granito natural de 2 cm de espesor, bacha de acero inoxidable, termotanque solar, calefactor, campana y cocina incluido.<\/p>\n<p>Adem\u00e1s, tiene p\u00e9rgolas en acceso y fachada posterior, postes de marcados de lotes de hormig\u00f3n premoldeado, vered\u00edn perimetral, veredas de acceso individual y municipal. En viviendas para discapacitados el ba\u00f1o tiene artefactos, instalaciones y dimensiones especiales adaptadas con vered\u00edn perimetral de 1metro de ancho.<\/p>\n<p>Tambi\u00e9n posee instalaciones el\u00e9ctricas y de gas natural, de red de agua fr\u00eda y caliente con sistema de bombeo, tanque cisterna con 2 electrobombas y un tanque de reserva de 850 litros.<\/p>\n<p>Las calles se encuentran con calzada enripiadas, pasantes peatonales sobre cord\u00f3n banquina, sistema de riego individual para arbolado p\u00fablico.<br \/>\n<img loading=\"lazy\" decoding=\"async\" class=\"alignnone size-full wp-image-65642\" src=\"https:\/\/vocesparalelas.com.ar\/sitio\/wp-content\/uploads\/2023\/11\/GOBIERNO-SAN-JUAN.jpg\" alt=\"\" width=\"800\" height=\"600\" srcset=\"https:\/\/vocesparalelas.com.ar\/sitio\/wp-content\/uploads\/2023\/11\/GOBIERNO-SAN-JUAN.jpg 800w, https:\/\/vocesparalelas.com.ar\/sitio\/wp-content\/uploads\/2023\/11\/GOBIERNO-SAN-JUAN-300x225.jpg 300w, https:\/\/vocesparalelas.com.ar\/sitio\/wp-content\/uploads\/2023\/11\/GOBIERNO-SAN-JUAN-768x576.jpg 768w\" sizes=\"auto, (max-width: 800px) 100vw, 800px\" \/><\/p>\n","protected":false},"excerpt":{"rendered":"<p>El gobernador de San Juan, Dr. Marcelo Orrego entreg\u00f3 las llaves de 49 nuevas viviendas a familias del Departamento\u00a0 Rawson,<\/p>\n","protected":false},"author":3,"featured_media":74744,"comment_status":"closed","ping_status":"closed","sticky":false,"template":"","format":"standard","meta":{"_acf_changed":false,"_seopress_robots_primary_cat":"none","_seopress_titles_title":"","_seopress_titles_desc":"","_seopress_robots_index":"","colormag_page_container_layout":"default_layout","colormag_page_sidebar_layout":"default_layout","footnotes":""},"categories":[1,7],"tags":[],"class_list":["post-74741","post","type-post","status-publish","format-standard","has-post-thumbnail","hentry","category-destacadas","category-videos"],"acf":[],"_links":{"self":[{"href":"https:\/\/vocesparalelas.com.ar\/sitio\/wp-json\/wp\/v2\/posts\/74741","targetHints":{"allow":["GET"]}}],"collection":[{"href":"https:\/\/vocesparalelas.com.ar\/sitio\/wp-json\/wp\/v2\/posts"}],"about":[{"href":"https:\/\/vocesparalelas.com.ar\/sitio\/wp-json\/wp\/v2\/types\/post"}],"author":[{"embeddable":true,"href":"https:\/\/vocesparalelas.com.ar\/sitio\/wp-json\/wp\/v2\/users\/3"}],"replies":[{"embeddable":true,"href":"https:\/\/vocesparalelas.com.ar\/sitio\/wp-json\/wp\/v2\/comments?post=74741"}],"version-history":[{"count":1,"href":"https:\/\/vocesparalelas.com.ar\/sitio\/wp-json\/wp\/v2\/posts\/74741\/revisions"}],"predecessor-version":[{"id":74745,"href":"https:\/\/vocesparalelas.com.ar\/sitio\/wp-json\/wp\/v2\/posts\/74741\/revisions\/74745"}],"wp:featuredmedia":[{"embeddable":true,"href":"https:\/\/vocesparalelas.com.ar\/sitio\/wp-json\/wp\/v2\/media\/74744"}],"wp:attachment":[{"href":"https:\/\/vocesparalelas.com.ar\/sitio\/wp-json\/wp\/v2\/media?parent=74741"}],"wp:term":[{"taxonomy":"category","embeddable":true,"href":"https:\/\/vocesparalelas.com.ar\/sitio\/wp-json\/wp\/v2\/categories?post=74741"},{"taxonomy":"post_tag","embeddable":true,"href":"https:\/\/vocesparalelas.com.ar\/sitio\/wp-json\/wp\/v2\/tags?post=74741"}],"curies":[{"name":"wp","href":"https:\/\/api.w.org\/{rel}","templated":true}]}}