{"id":74735,"date":"2024-07-16T11:01:28","date_gmt":"2024-07-16T14:01:28","guid":{"rendered":"https:\/\/vocesparalelas.com.ar\/sitio\/?p=74735"},"modified":"2024-07-16T22:02:56","modified_gmt":"2024-07-17T01:02:56","slug":"comisario-general-re-nestor-marcelo-alvarez-es-el-jefe-de-la-policia-de-san-juan","status":"publish","type":"post","link":"https:\/\/vocesparalelas.com.ar\/sitio\/comisario-general-re-nestor-marcelo-alvarez-es-el-jefe-de-la-policia-de-san-juan\/","title":{"rendered":"Comisario General RE, N\u00e9stor Marcelo \u00c1lvarez es el Jefe de la Polic\u00eda de San Juan"},"content":{"rendered":"<p>El Gobernador de la Provincia de San Juan, Dr, Marcelo Orrego, decidi\u00f3 reemplazar al actual jefe de Polic\u00eda, Comisario General, Dr, Eduardo Lirola y nombrar en el cargo al Comisario General Retirado, N\u00e9stor Marcelo \u00c1lvarez al frente de la fuerza policial provincial.<\/p>\n<p>El acto de asunci\u00f3n de la nueva autoridad es el Martes, 16 de Julio, a las 18 horas, en Casa de Gobierno.<\/p>\n<p><strong><span style=\"color: #0000ff;\">Datos del Comisario General Retirado, N\u00e9stor Marcelo \u00c1lvarez<\/span><\/strong><\/p>\n<p>OFICIAL AYUDANTE, fui nombrado el 01-01-92 teniendo 20 a\u00f1os.. Primer destino en Comisar\u00eda Primera Capital donde trabaje por tres a\u00f1os (enero 1992 &#8211; diciembre 1994).<\/p>\n<p>DIVISI\u00d3N SERVICIOS SOCIALES, Polic\u00eda de San Juan. Destino donde trabaj\u00e9 por tres a\u00f1os (enero 1995 a dic. 1997).<\/p>\n<p>COMISAR\u00cdA 25 RAWSON, Polic\u00eda de San Juan. Ene 1998 &#8211; Dic 2000. Asignado a Comisar\u00eda 25 Rawson donde trabaje por tres a\u00f1os (enero 1998 &#8211; diciembre 2000).<\/p>\n<p>DIVISI\u00d3N ASUNTOS INTERNOS, Polic\u00eda de San Juan. Con la jerarqu\u00eda de Oficial Inspector, trabaj\u00e9 como Sumariante en la confecci\u00f3n de sumarios administrativos. Luego, con la jerarqu\u00eda de Oficial Principal fui designado jefe de Asuntos Internos por 12 a\u00f1os. (enero 2001 &#8211; diciembre 2012)<\/p>\n<p>OFICINA DE SUB-SECRETAR\u00cdA DE CONTROL DE GESTI\u00d3N Cumpl\u00ed la tarea de sumariante en la realizaci\u00f3n de sumarios administrativos durante dos a\u00f1os (enero 2013 \u2013 dic. 2014)<\/p>\n<p>JEFE DE DEPENDENCIA, COMISAR\u00cdA 29 SANTA LUC\u00cdA, Polic\u00eda de San Juan. Desempe\u00f1\u00e9 la funci\u00f3n de jefe de Dependencia durante dos a\u00f1os (enero 2015 \u2013 dic. 2016)<\/p>\n<p>JEFE DE DEPENDENCIA, COMISAR\u00cdA 17 CHIMBAS, Polic\u00eda de San Juan. Cumpl\u00ed la funci\u00f3n de jefe de Dependencia durante un a\u00f1o (enero 2017 \u2013 dic. 2017).<\/p>\n<p>JEFE DE UNIDAD REGIONAL NOROESTE, Polic\u00eda de San Juan. Fiscalic\u00e9 y coordin\u00e9 tareas de seguridad y prevenci\u00f3n con diversas Comisar\u00edas y Unidades operativas. Adem\u00e1s, tuve a cargo personal policial de los m\u00f3viles comunales de Chimbas y Rivadavia por un a\u00f1o y medio (enero 2018 &#8211; 2019).<\/p>\n<p>JEFE DE DIRECCI\u00d3N DE OPERACIONES POLICIALES D-3, Polic\u00eda de San Juan Ene 2020 \u2013 Septiembre 2020<br \/>\nTuve a mi cargo el \u00e1rea compuesta por Divisi\u00f3n Comando Radioel\u00e9ctrico, Divisi\u00f3n Infanter\u00eda, Secci\u00f3n Montada y Canes, entre otras. Durante la pandemia de Covid-19, fui designado jefe del Comando Unificado, conformado por Polic\u00eda Federal, Gendarmer\u00eda Nacional y PSA (Polic\u00eda de Seguridad Aeroportuaria), con cuyas fuerzas se coordin\u00f3 diversas tareas de prevenci\u00f3n en tiempo de aislamiento social obligatorio. Como as\u00ed tambi\u00e9n se trabajo en conjunto con el Ministerio de Salud y otras \u00e1reas gubernamentales.<\/p>\n<p>En el a\u00f1o 2020 fui ascendido a la jerarqu\u00eda de Comisario General, ultima jerarqu\u00eda dentro del cuadro del Personal Policial.<\/p>\n<p>En septiembre del 2020 fui nombrado SUB-JEFE DE POLIC\u00cdA DE SAN JUAN, cuya funci\u00f3n era la de fiscalizar todo lo relacionado al Personal Policial, en cuanto a la coordinaci\u00f3n de acciones en lo relacionado a la prevenci\u00f3n policial, juntamente con el se\u00f1or Jefe de Polic\u00eda.<\/p>\n<p>En Febrero del a\u00f1o 2022 fui pasado a Retiro Obligatorio.<\/p>\n<p><strong><span style=\"color: #0000ff;\">Educaci\u00f3n<\/span><\/strong><\/p>\n<ul>\n<li>Primaria \u2013 Completa<\/li>\n<li>Secundaria &#8211; Completa<\/li>\n<li>Universidad \u2013 Incompleta<\/li>\n<\/ul>\n<p><img loading=\"lazy\" decoding=\"async\" class=\"alignnone size-full wp-image-65642\" src=\"https:\/\/vocesparalelas.com.ar\/sitio\/wp-content\/uploads\/2023\/11\/GOBIERNO-SAN-JUAN.jpg\" alt=\"\" width=\"800\" height=\"600\" srcset=\"https:\/\/vocesparalelas.com.ar\/sitio\/wp-content\/uploads\/2023\/11\/GOBIERNO-SAN-JUAN.jpg 800w, https:\/\/vocesparalelas.com.ar\/sitio\/wp-content\/uploads\/2023\/11\/GOBIERNO-SAN-JUAN-300x225.jpg 300w, https:\/\/vocesparalelas.com.ar\/sitio\/wp-content\/uploads\/2023\/11\/GOBIERNO-SAN-JUAN-768x576.jpg 768w\" sizes=\"auto, (max-width: 800px) 100vw, 800px\" \/><\/p>\n","protected":false},"excerpt":{"rendered":"<p>El Gobernador de la Provincia de San Juan, Dr, Marcelo Orrego, decidi\u00f3 reemplazar al actual jefe de Polic\u00eda, Comisario General,<\/p>\n","protected":false},"author":3,"featured_media":74738,"comment_status":"closed","ping_status":"closed","sticky":false,"template":"","format":"standard","meta":{"_acf_changed":false,"_seopress_robots_primary_cat":"none","_seopress_titles_title":"","_seopress_titles_desc":"","_seopress_robots_index":"","colormag_page_container_layout":"default_layout","colormag_page_sidebar_layout":"default_layout","footnotes":""},"categories":[1],"tags":[],"class_list":["post-74735","post","type-post","status-publish","format-standard","has-post-thumbnail","hentry","category-destacadas"],"acf":[],"_links":{"self":[{"href":"https:\/\/vocesparalelas.com.ar\/sitio\/wp-json\/wp\/v2\/posts\/74735","targetHints":{"allow":["GET"]}}],"collection":[{"href":"https:\/\/vocesparalelas.com.ar\/sitio\/wp-json\/wp\/v2\/posts"}],"about":[{"href":"https:\/\/vocesparalelas.com.ar\/sitio\/wp-json\/wp\/v2\/types\/post"}],"author":[{"embeddable":true,"href":"https:\/\/vocesparalelas.com.ar\/sitio\/wp-json\/wp\/v2\/users\/3"}],"replies":[{"embeddable":true,"href":"https:\/\/vocesparalelas.com.ar\/sitio\/wp-json\/wp\/v2\/comments?post=74735"}],"version-history":[{"count":1,"href":"https:\/\/vocesparalelas.com.ar\/sitio\/wp-json\/wp\/v2\/posts\/74735\/revisions"}],"predecessor-version":[{"id":74739,"href":"https:\/\/vocesparalelas.com.ar\/sitio\/wp-json\/wp\/v2\/posts\/74735\/revisions\/74739"}],"wp:featuredmedia":[{"embeddable":true,"href":"https:\/\/vocesparalelas.com.ar\/sitio\/wp-json\/wp\/v2\/media\/74738"}],"wp:attachment":[{"href":"https:\/\/vocesparalelas.com.ar\/sitio\/wp-json\/wp\/v2\/media?parent=74735"}],"wp:term":[{"taxonomy":"category","embeddable":true,"href":"https:\/\/vocesparalelas.com.ar\/sitio\/wp-json\/wp\/v2\/categories?post=74735"},{"taxonomy":"post_tag","embeddable":true,"href":"https:\/\/vocesparalelas.com.ar\/sitio\/wp-json\/wp\/v2\/tags?post=74735"}],"curies":[{"name":"wp","href":"https:\/\/api.w.org\/{rel}","templated":true}]}}