{"id":74729,"date":"2024-07-16T14:11:05","date_gmt":"2024-07-16T17:11:05","guid":{"rendered":"https:\/\/vocesparalelas.com.ar\/sitio\/?p=74729"},"modified":"2024-07-16T17:15:04","modified_gmt":"2024-07-16T20:15:04","slug":"se-conmemoro-el-dia-del-agente-penitenciario-en-san-juan","status":"publish","type":"post","link":"https:\/\/vocesparalelas.com.ar\/sitio\/se-conmemoro-el-dia-del-agente-penitenciario-en-san-juan\/","title":{"rendered":"Se conmemor\u00f3 el D\u00eda del Agente Penitenciario en San Juan"},"content":{"rendered":"<p>EL Martes, 16 de Julio, se realiz\u00f3 el acto por el D\u00eda del Agente Penitenciario en el Servicio Penitenciario Provincial de San Juan , Departamento Chimbas.<\/p>\n<p>En este marco se reconoci\u00f3 la dedicaci\u00f3n y el profesionalismo de los trabajadores penitenciarios, cuya labor tiene una trayectoria de 102 a\u00f1os, desde la fundaci\u00f3n de la C\u00e1rcel P\u00fablica, en 1922.<\/p>\n<p>En su discurso, el secretario de Seguridad y Orden P\u00fablico del Gobierno de San Juan, Dr. Gustavo S\u00e1nchez, llev\u00f3 al personal penitenciario de San Juan un agradecimiento especial del gobernador Marcelo Orrego, reconociendo su esfuerzo y compromiso en el cuidado de las personas privadas de libertad. Destac\u00f3 la importancia de su labor, su fe en la Virgen del Carmen y los avances en seguridad y profesionalizaci\u00f3n dentro de la instituci\u00f3n.<\/p>\n<p>Por \u00faltimo, subray\u00f3 la necesidad de continuar trabajando con dedicaci\u00f3n y unidad para seguir siendo un faro de reinserci\u00f3n social. Adem\u00e1s, agradeci\u00f3 a los retirados y exdirectores por su presencia y apoyo.<\/p>\n<p>Luego,\u00a0 el director del SPP, Dr. Enrique Delgado expres\u00f3 que \u00abmi compromiso permanece firme y guiar\u00e9 esta nueva etapa con dedicaci\u00f3n. Reconozco a los retirados que establecieron las bases y a las nuevas generaciones, cuyo compromiso es esencial. Creemos en la inclusi\u00f3n social para reducir la reincidencia y mejorar el futuro de quienes han cometido errores. Estamos en un momento de cambio y renovaci\u00f3n con esperanzas de lograr cambios significativos\u201d.<\/p>\n<p>\u00abQueremos resignificar el trabajo penitenciario, reconociendo su importancia para la seguridad y el bienestar social, y hemos actualizado los recargos como herramienta de gesti\u00f3n\u201d &#8211; sintetiz\u00f3 el Dr. Delgado.<\/p>\n<p><iframe loading=\"lazy\" title=\"Se conmemor\u00f3 el D\u00eda del Agente Penitenciario\" width=\"800\" height=\"450\" src=\"https:\/\/www.youtube.com\/embed\/nBB26In8Wlg?feature=oembed\" frameborder=\"0\" allow=\"accelerometer; autoplay; clipboard-write; encrypted-media; gyroscope; picture-in-picture; web-share\" referrerpolicy=\"strict-origin-when-cross-origin\" allowfullscreen><\/iframe><\/p>\n<p>Del acto participaron la ministra de Gobierno, Dra. Laura Palma, el ministro de Turismo, Cultura y Deporte, Dr. Guido Romero, el secretario de Seguridad y Orden P\u00fablico, Dr. Gustavo S\u00e1nchez, el director del Servicio Penitenciario, Dr. Enrique Delgado, el intendente de la Municipalidad de la Ciudad de Rivadavia, Sergio Miodowsky, la intendente de la Municipalidad de Chimbas, Daniela Rodr\u00edguez, diputados provinciales e invitados especiales.<\/p>\n<p><img loading=\"lazy\" decoding=\"async\" class=\"alignnone size-full wp-image-74733\" src=\"https:\/\/vocesparalelas.com.ar\/sitio\/wp-content\/uploads\/2024\/07\/PENITENCIARIO-02.jpg\" alt=\"\" width=\"800\" height=\"533\" srcset=\"https:\/\/vocesparalelas.com.ar\/sitio\/wp-content\/uploads\/2024\/07\/PENITENCIARIO-02.jpg 800w, https:\/\/vocesparalelas.com.ar\/sitio\/wp-content\/uploads\/2024\/07\/PENITENCIARIO-02-300x200.jpg 300w, https:\/\/vocesparalelas.com.ar\/sitio\/wp-content\/uploads\/2024\/07\/PENITENCIARIO-02-768x512.jpg 768w\" sizes=\"auto, (max-width: 800px) 100vw, 800px\" \/><\/p>\n","protected":false},"excerpt":{"rendered":"<p>EL Martes, 16 de Julio, se realiz\u00f3 el acto por el D\u00eda del Agente Penitenciario en el Servicio Penitenciario Provincial<\/p>\n","protected":false},"author":3,"featured_media":74732,"comment_status":"closed","ping_status":"closed","sticky":false,"template":"","format":"standard","meta":{"_acf_changed":false,"_seopress_robots_primary_cat":"none","_seopress_titles_title":"","_seopress_titles_desc":"","_seopress_robots_index":"","colormag_page_container_layout":"default_layout","colormag_page_sidebar_layout":"default_layout","footnotes":""},"categories":[1,7],"tags":[],"class_list":["post-74729","post","type-post","status-publish","format-standard","has-post-thumbnail","hentry","category-destacadas","category-videos"],"acf":[],"_links":{"self":[{"href":"https:\/\/vocesparalelas.com.ar\/sitio\/wp-json\/wp\/v2\/posts\/74729","targetHints":{"allow":["GET"]}}],"collection":[{"href":"https:\/\/vocesparalelas.com.ar\/sitio\/wp-json\/wp\/v2\/posts"}],"about":[{"href":"https:\/\/vocesparalelas.com.ar\/sitio\/wp-json\/wp\/v2\/types\/post"}],"author":[{"embeddable":true,"href":"https:\/\/vocesparalelas.com.ar\/sitio\/wp-json\/wp\/v2\/users\/3"}],"replies":[{"embeddable":true,"href":"https:\/\/vocesparalelas.com.ar\/sitio\/wp-json\/wp\/v2\/comments?post=74729"}],"version-history":[{"count":2,"href":"https:\/\/vocesparalelas.com.ar\/sitio\/wp-json\/wp\/v2\/posts\/74729\/revisions"}],"predecessor-version":[{"id":74746,"href":"https:\/\/vocesparalelas.com.ar\/sitio\/wp-json\/wp\/v2\/posts\/74729\/revisions\/74746"}],"wp:featuredmedia":[{"embeddable":true,"href":"https:\/\/vocesparalelas.com.ar\/sitio\/wp-json\/wp\/v2\/media\/74732"}],"wp:attachment":[{"href":"https:\/\/vocesparalelas.com.ar\/sitio\/wp-json\/wp\/v2\/media?parent=74729"}],"wp:term":[{"taxonomy":"category","embeddable":true,"href":"https:\/\/vocesparalelas.com.ar\/sitio\/wp-json\/wp\/v2\/categories?post=74729"},{"taxonomy":"post_tag","embeddable":true,"href":"https:\/\/vocesparalelas.com.ar\/sitio\/wp-json\/wp\/v2\/tags?post=74729"}],"curies":[{"name":"wp","href":"https:\/\/api.w.org\/{rel}","templated":true}]}}