{"id":74715,"date":"2024-07-15T18:17:20","date_gmt":"2024-07-15T21:17:20","guid":{"rendered":"https:\/\/vocesparalelas.com.ar\/sitio\/?p=74715"},"modified":"2024-07-15T23:17:33","modified_gmt":"2024-07-16T02:17:33","slug":"donaron-libros-a-la-biblioteca-guido-delfor-yribarren-de-san-juan","status":"publish","type":"post","link":"https:\/\/vocesparalelas.com.ar\/sitio\/donaron-libros-a-la-biblioteca-guido-delfor-yribarren-de-san-juan\/","title":{"rendered":"Donaron libros a la Biblioteca \u201cGuido Delfor Yribarren\u201d de San Juan"},"content":{"rendered":"<p>El vicegobernador y presidente nato de la C\u00e1mara de Diputados de San Juan, Dr. Fabi\u00e1n Mart\u00edn, realiz\u00f3 la donaci\u00f3n de 87 libros editados por el Fondo Editorial de la Casa de Todos.<\/p>\n<p>La entrega fue realizada a la Biblioteca y Espacio Cultural Municipal \u201cGuido Delfor Yribarren\u201d, Avenida C\u00f3rdoba y Las Heras.<\/p>\n<p>Acompa\u00f1\u00f3 en la ocasi\u00f3n, la intendente de la Municipalidad de la Ciudad Capital, Dra. Susana Laciar, la diputada Alejandra Leonardo, el legislador Dr. Juan de la Cruz C\u00f3rdoba y el secretario Legislativo, Dr. Gustavo Velert.<\/p>\n<p>Entre los libros donados por el titular del Poder Legislativo, se destac\u00f3 una colecci\u00f3n de obras literarias ganadoras del Concurso Literario San Juan Escribe desde el a\u00f1o 2015 en adelante.<\/p>\n<p>&nbsp;<\/p>\n<figure id=\"attachment_37951\" aria-describedby=\"caption-attachment-37951\" style=\"width: 800px\" class=\"wp-caption alignnone\"><img loading=\"lazy\" decoding=\"async\" class=\"size-full wp-image-37951\" src=\"https:\/\/vocesparalelas.com.ar\/sitio\/wp-content\/uploads\/2021\/05\/CAMARA-EDIFICIO.jpg\" alt=\"\" width=\"800\" height=\"515\" srcset=\"https:\/\/vocesparalelas.com.ar\/sitio\/wp-content\/uploads\/2021\/05\/CAMARA-EDIFICIO.jpg 800w, https:\/\/vocesparalelas.com.ar\/sitio\/wp-content\/uploads\/2021\/05\/CAMARA-EDIFICIO-300x193.jpg 300w, https:\/\/vocesparalelas.com.ar\/sitio\/wp-content\/uploads\/2021\/05\/CAMARA-EDIFICIO-768x494.jpg 768w\" sizes=\"auto, (max-width: 800px) 100vw, 800px\" \/><figcaption id=\"caption-attachment-37951\" class=\"wp-caption-text\">Legislatura Provincial de San Juan, Rep\u00fablica Argentina<\/figcaption><\/figure>\n","protected":false},"excerpt":{"rendered":"<p>El vicegobernador y presidente nato de la C\u00e1mara de Diputados de San Juan, Dr. Fabi\u00e1n Mart\u00edn, realiz\u00f3 la donaci\u00f3n de<\/p>\n","protected":false},"author":3,"featured_media":74718,"comment_status":"closed","ping_status":"closed","sticky":false,"template":"","format":"standard","meta":{"_acf_changed":false,"_seopress_robots_primary_cat":"none","_seopress_titles_title":"","_seopress_titles_desc":"","_seopress_robots_index":"","colormag_page_container_layout":"default_layout","colormag_page_sidebar_layout":"default_layout","footnotes":""},"categories":[1],"tags":[],"class_list":["post-74715","post","type-post","status-publish","format-standard","has-post-thumbnail","hentry","category-destacadas"],"acf":[],"_links":{"self":[{"href":"https:\/\/vocesparalelas.com.ar\/sitio\/wp-json\/wp\/v2\/posts\/74715","targetHints":{"allow":["GET"]}}],"collection":[{"href":"https:\/\/vocesparalelas.com.ar\/sitio\/wp-json\/wp\/v2\/posts"}],"about":[{"href":"https:\/\/vocesparalelas.com.ar\/sitio\/wp-json\/wp\/v2\/types\/post"}],"author":[{"embeddable":true,"href":"https:\/\/vocesparalelas.com.ar\/sitio\/wp-json\/wp\/v2\/users\/3"}],"replies":[{"embeddable":true,"href":"https:\/\/vocesparalelas.com.ar\/sitio\/wp-json\/wp\/v2\/comments?post=74715"}],"version-history":[{"count":1,"href":"https:\/\/vocesparalelas.com.ar\/sitio\/wp-json\/wp\/v2\/posts\/74715\/revisions"}],"predecessor-version":[{"id":74719,"href":"https:\/\/vocesparalelas.com.ar\/sitio\/wp-json\/wp\/v2\/posts\/74715\/revisions\/74719"}],"wp:featuredmedia":[{"embeddable":true,"href":"https:\/\/vocesparalelas.com.ar\/sitio\/wp-json\/wp\/v2\/media\/74718"}],"wp:attachment":[{"href":"https:\/\/vocesparalelas.com.ar\/sitio\/wp-json\/wp\/v2\/media?parent=74715"}],"wp:term":[{"taxonomy":"category","embeddable":true,"href":"https:\/\/vocesparalelas.com.ar\/sitio\/wp-json\/wp\/v2\/categories?post=74715"},{"taxonomy":"post_tag","embeddable":true,"href":"https:\/\/vocesparalelas.com.ar\/sitio\/wp-json\/wp\/v2\/tags?post=74715"}],"curies":[{"name":"wp","href":"https:\/\/api.w.org\/{rel}","templated":true}]}}