{"id":74697,"date":"2024-07-15T21:58:45","date_gmt":"2024-07-16T00:58:45","guid":{"rendered":"https:\/\/vocesparalelas.com.ar\/sitio\/?p=74697"},"modified":"2024-07-16T23:13:03","modified_gmt":"2024-07-17T02:13:03","slug":"presentaron-el-programa-provincial-de-pavimentos-urbanos-de-san-juan","status":"publish","type":"post","link":"https:\/\/vocesparalelas.com.ar\/sitio\/presentaron-el-programa-provincial-de-pavimentos-urbanos-de-san-juan\/","title":{"rendered":"Presentaron el Programa Provincial de Pavimentos Urbanos de San Juan"},"content":{"rendered":"<p>El Lunes, 15 de Julio, el gobernador de San Juan, Dr. Marcelo Orrego present\u00f3 el Programa Provincial de Pavimentos Urbanos.<\/p>\n<p>Lo hizo desde Casa de Gobierno, con la presencia del ministro de Econom\u00eda, Finanzas y Haciendas, CPN Roberto Guti\u00e9rrez; el ministro de Infraestructura, Agua y Energ\u00eda, Arq. Fernando Perea; el secretario General de la Gobernaci\u00f3n, Lic. Emilio Achem; el director de Vialidad Provincial, Ing. Omar Lucero; la escribana Mayor de Gobierno, Dra. Mayra Mar\u00eda Eugenia Mancini y todos los intendentes de San Juan.<\/p>\n<p>En este marco, lo primero que se hizo fue firmar un convenio marco general mediante el que se le otorgar\u00e1 636.500 m2 de pavimento a cada municipio seg\u00fan la densidad de poblaci\u00f3n. Posteriormente, el gobernador Marcelo Orrego firm\u00f3 con cada uno de los intendentes, la documentaci\u00f3n pertinente para este otorgamiento. Cabe destacar que los trabajos se realizar\u00e1n por licitaci\u00f3n. Adem\u00e1s, cada intendente decidir\u00e1 en qu\u00e9 calles usar\u00e1 estas obras de pavimentaci\u00f3n.<\/p>\n<p>Durante la presentaci\u00f3n del Programa, el primer mandatario destac\u00f3 que esta iniciativa es muy importante para toda la provincia, principalmente para los municipios que ser\u00e1n los ejecutores de las obras.<\/p>\n<p>La obra p\u00fablica es un motor de desarrollo primordial. La gesti\u00f3n del gobernador Orrego se propuso gestionar los recursos econ\u00f3micos para poder realizar obras que beneficien a todos los sanjuaninos. Es por ello que el mandatario dijo: \u201cEs bueno cumplir con la palabra empe\u00f1ada no solo para garantizar los servicios b\u00e1sicos sino tambi\u00e9n para mantener las fuentes de trabajo de todos los obreros de la construcci\u00f3n que trabajan en estas obras y que dinamizan tambi\u00e9n la econom\u00eda sanjuanina\u201d.<\/p>\n<p>\u00abLa modalidad es distinta a ocasiones anteriores, donde el municipio aportaba un porcentaje del 100% de lo estipulado. Ahora, ser\u00e1 la provincia quien pondr\u00e1 a disposici\u00f3n el 100% del total. Esto es m\u00e1s que importante para nosotros. Probablemente en el futuro ser\u00e1 de otra forma, pero sabemos la necesidad que tienen los municipios\u201d.<\/p>\n<p>\u00abCreo que Argentina ir\u00e1 mejorando poco a poco los \u00edndices econ\u00f3micos. Nuestra Administraci\u00f3n tiene el compromiso de trabajar codo a codo con cada uno de ustedes\u201d.<\/p>\n<p>Por su lado, el director de la Direcci\u00f3n Provincial de Vialidad, Ing. Omar Lucero puntualiz\u00f3 que \u00abtrabajamos en un pliego para abarcar trabajos de pavimentaci\u00f3n y repavimentaci\u00f3n en todos los departamentos y, asumiendo este compromiso, que tiene asociado una inversi\u00f3n importante y vamos a tratar de a poco, en la primera etapa. Habr\u00e1 una segunda etapa para completar las necesidades propias y l\u00f3gicas de todos los que habitamos en cualquier departamento\u201d.<\/p>\n<p>\u201cEn esta etapa inicial se ha contemplado una cantidad de metros cuadrados con una inversi\u00f3n important\u00edsima, de algo m\u00e1s de 12.500 millones de pesos y en funci\u00f3n de la densidad poblacional, de muchos factores; se van a distribuir oportunamente las cantidades por cada municipio. Estaremos en contacto a trav\u00e9s de mi repartici\u00f3n con los diferentes municipios, ya he interactuado con varios de ustedes, para darle un buen fin a este prop\u00f3sito\u201d.<\/p>\n<p>Acompa\u00f1an al gobernador, DR. Marcelo Orrego, los diputados nacionales Dr. Nancy Pic\u00f3n, Walberto Allende, intendentes municipales, Juan Carlos Abarca, intendente de Albard\u00f3n, Jos\u00e9 Castro, intendente de Angaco, Sebasti\u00e1n Carvajal, Calingasta, Susana Laciar, intendenta de Capital, Romina Rosas, de Caucete, Daniela Rodr\u00edguez, de Chimbas, Jorge Espejo, el intendente de Iglesia, Horacio Espejo, de J\u00e1chal, Eduardo Banegas, de 9 de Julio, Fabi\u00e1n Aballay, de Pocito, Carlos Munisaga, de Rawson, Sergio Miadowski, de Rivadavia, Anal\u00eda Becerra, de San Mart\u00edn, Juan Jos\u00e9 Orrego, de Santa Luc\u00eda, Alfredo Castro, de Sarmiento, Hugo David Dom\u00ednguez, de Ullum, Mario Riveros, de Valle F\u00e9rtil, Rodolfo Jalife, de 25 de Mayo y Juan At\u00e1mpiz, de Zonda.<\/p>\n<p><iframe loading=\"lazy\" title=\"El gobernador Orrego present\u00f3 el Programa Provincial de Pavimentos Urbanos\" width=\"800\" height=\"450\" src=\"https:\/\/www.youtube.com\/embed\/tHki7BtxVeg?feature=oembed\" frameborder=\"0\" allow=\"accelerometer; autoplay; clipboard-write; encrypted-media; gyroscope; picture-in-picture; web-share\" referrerpolicy=\"strict-origin-when-cross-origin\" allowfullscreen><\/iframe><\/p>\n<p>&nbsp;<\/p>\n<p>&nbsp;<\/p>\n","protected":false},"excerpt":{"rendered":"<p>El Lunes, 15 de Julio, el gobernador de San Juan, Dr. Marcelo Orrego present\u00f3 el Programa Provincial de Pavimentos Urbanos.<\/p>\n","protected":false},"author":3,"featured_media":74700,"comment_status":"closed","ping_status":"closed","sticky":false,"template":"","format":"standard","meta":{"_acf_changed":false,"_seopress_robots_primary_cat":"none","_seopress_titles_title":"","_seopress_titles_desc":"","_seopress_robots_index":"","colormag_page_container_layout":"default_layout","colormag_page_sidebar_layout":"default_layout","footnotes":""},"categories":[2,7],"tags":[],"class_list":["post-74697","post","type-post","status-publish","format-standard","has-post-thumbnail","hentry","category-convocatorias","category-videos"],"acf":[],"_links":{"self":[{"href":"https:\/\/vocesparalelas.com.ar\/sitio\/wp-json\/wp\/v2\/posts\/74697","targetHints":{"allow":["GET"]}}],"collection":[{"href":"https:\/\/vocesparalelas.com.ar\/sitio\/wp-json\/wp\/v2\/posts"}],"about":[{"href":"https:\/\/vocesparalelas.com.ar\/sitio\/wp-json\/wp\/v2\/types\/post"}],"author":[{"embeddable":true,"href":"https:\/\/vocesparalelas.com.ar\/sitio\/wp-json\/wp\/v2\/users\/3"}],"replies":[{"embeddable":true,"href":"https:\/\/vocesparalelas.com.ar\/sitio\/wp-json\/wp\/v2\/comments?post=74697"}],"version-history":[{"count":1,"href":"https:\/\/vocesparalelas.com.ar\/sitio\/wp-json\/wp\/v2\/posts\/74697\/revisions"}],"predecessor-version":[{"id":74701,"href":"https:\/\/vocesparalelas.com.ar\/sitio\/wp-json\/wp\/v2\/posts\/74697\/revisions\/74701"}],"wp:featuredmedia":[{"embeddable":true,"href":"https:\/\/vocesparalelas.com.ar\/sitio\/wp-json\/wp\/v2\/media\/74700"}],"wp:attachment":[{"href":"https:\/\/vocesparalelas.com.ar\/sitio\/wp-json\/wp\/v2\/media?parent=74697"}],"wp:term":[{"taxonomy":"category","embeddable":true,"href":"https:\/\/vocesparalelas.com.ar\/sitio\/wp-json\/wp\/v2\/categories?post=74697"},{"taxonomy":"post_tag","embeddable":true,"href":"https:\/\/vocesparalelas.com.ar\/sitio\/wp-json\/wp\/v2\/tags?post=74697"}],"curies":[{"name":"wp","href":"https:\/\/api.w.org\/{rel}","templated":true}]}}