{"id":74691,"date":"2024-07-15T21:51:03","date_gmt":"2024-07-16T00:51:03","guid":{"rendered":"https:\/\/vocesparalelas.com.ar\/sitio\/?p=74691"},"modified":"2024-07-16T22:30:46","modified_gmt":"2024-07-17T01:30:46","slug":"vacaciones-de-invierno-2024-y-me-quedo-en-rivadavia-para-disfrutar-en-familia","status":"publish","type":"post","link":"https:\/\/vocesparalelas.com.ar\/sitio\/vacaciones-de-invierno-2024-y-me-quedo-en-rivadavia-para-disfrutar-en-familia\/","title":{"rendered":"Vacaciones de Invierno 2024 y \u201cMe Quedo en Rivadavia\u201d para disfrutar en familia"},"content":{"rendered":"<p>La Municipalidad de la Ciudad de Rivadavia culmin\u00f3 con lleno total su primera semana de receso invernal en el Parque de Rivadavia con gran cantidad de familias y ni\u00f1os que disfrutaron una tarde maravillosa.<\/p>\n<p>Distintas propuestas como el domo 3D, el dino beb\u00e9, el desfile de mascotas y la exposici\u00f3n de autos antiguos y tunning, adem\u00e1s de shows de t\u00edteres y magia.<\/p>\n<p><img loading=\"lazy\" decoding=\"async\" class=\"alignnone size-full wp-image-74695\" src=\"https:\/\/vocesparalelas.com.ar\/sitio\/wp-content\/uploads\/2024\/07\/RIVADAVIA-VACACIONES-02.jpg\" alt=\"\" width=\"800\" height=\"533\" srcset=\"https:\/\/vocesparalelas.com.ar\/sitio\/wp-content\/uploads\/2024\/07\/RIVADAVIA-VACACIONES-02.jpg 800w, https:\/\/vocesparalelas.com.ar\/sitio\/wp-content\/uploads\/2024\/07\/RIVADAVIA-VACACIONES-02-300x200.jpg 300w, https:\/\/vocesparalelas.com.ar\/sitio\/wp-content\/uploads\/2024\/07\/RIVADAVIA-VACACIONES-02-768x512.jpg 768w\" sizes=\"auto, (max-width: 800px) 100vw, 800px\" \/><\/p>\n<p>Rivadavia, desde su Direcci\u00f3n de Turismo, Cultura y Deportes confeccion\u00f3 un completo cronograma de actividades bajo la denominaci\u00f3n \u201cMe Quedo en Rivadavia\u201d, que incluye: espect\u00e1culos, ferias, exposiciones, muestras y desfiles, durante los 15 d\u00edas de receso.<\/p>\n<p>El Intendente Sergio Miodowsky comparti\u00f3 este domingo las alternativas para sus vecinos e inst\u00f3 a su equipo de trabajo a continuar desarrollando la planificaci\u00f3n durante la segunda semana de vacaciones.<\/p>\n<p>&nbsp;<\/p>\n<p><img loading=\"lazy\" decoding=\"async\" class=\"alignnone size-full wp-image-74527\" src=\"https:\/\/vocesparalelas.com.ar\/sitio\/wp-content\/uploads\/2024\/07\/RIVADAVIA-COMISION-TURISTAS-05.jpg\" alt=\"\" width=\"800\" height=\"600\" srcset=\"https:\/\/vocesparalelas.com.ar\/sitio\/wp-content\/uploads\/2024\/07\/RIVADAVIA-COMISION-TURISTAS-05.jpg 800w, https:\/\/vocesparalelas.com.ar\/sitio\/wp-content\/uploads\/2024\/07\/RIVADAVIA-COMISION-TURISTAS-05-300x225.jpg 300w, https:\/\/vocesparalelas.com.ar\/sitio\/wp-content\/uploads\/2024\/07\/RIVADAVIA-COMISION-TURISTAS-05-768x576.jpg 768w\" sizes=\"auto, (max-width: 800px) 100vw, 800px\" \/><\/p>\n","protected":false},"excerpt":{"rendered":"<p>La Municipalidad de la Ciudad de Rivadavia culmin\u00f3 con lleno total su primera semana de receso invernal en el Parque<\/p>\n","protected":false},"author":3,"featured_media":74694,"comment_status":"closed","ping_status":"closed","sticky":false,"template":"","format":"standard","meta":{"_acf_changed":false,"_seopress_robots_primary_cat":"none","_seopress_titles_title":"","_seopress_titles_desc":"","_seopress_robots_index":"","colormag_page_container_layout":"default_layout","colormag_page_sidebar_layout":"default_layout","footnotes":""},"categories":[6],"tags":[],"class_list":["post-74691","post","type-post","status-publish","format-standard","has-post-thumbnail","hentry","category-eventos"],"acf":[],"_links":{"self":[{"href":"https:\/\/vocesparalelas.com.ar\/sitio\/wp-json\/wp\/v2\/posts\/74691","targetHints":{"allow":["GET"]}}],"collection":[{"href":"https:\/\/vocesparalelas.com.ar\/sitio\/wp-json\/wp\/v2\/posts"}],"about":[{"href":"https:\/\/vocesparalelas.com.ar\/sitio\/wp-json\/wp\/v2\/types\/post"}],"author":[{"embeddable":true,"href":"https:\/\/vocesparalelas.com.ar\/sitio\/wp-json\/wp\/v2\/users\/3"}],"replies":[{"embeddable":true,"href":"https:\/\/vocesparalelas.com.ar\/sitio\/wp-json\/wp\/v2\/comments?post=74691"}],"version-history":[{"count":1,"href":"https:\/\/vocesparalelas.com.ar\/sitio\/wp-json\/wp\/v2\/posts\/74691\/revisions"}],"predecessor-version":[{"id":74696,"href":"https:\/\/vocesparalelas.com.ar\/sitio\/wp-json\/wp\/v2\/posts\/74691\/revisions\/74696"}],"wp:featuredmedia":[{"embeddable":true,"href":"https:\/\/vocesparalelas.com.ar\/sitio\/wp-json\/wp\/v2\/media\/74694"}],"wp:attachment":[{"href":"https:\/\/vocesparalelas.com.ar\/sitio\/wp-json\/wp\/v2\/media?parent=74691"}],"wp:term":[{"taxonomy":"category","embeddable":true,"href":"https:\/\/vocesparalelas.com.ar\/sitio\/wp-json\/wp\/v2\/categories?post=74691"},{"taxonomy":"post_tag","embeddable":true,"href":"https:\/\/vocesparalelas.com.ar\/sitio\/wp-json\/wp\/v2\/tags?post=74691"}],"curies":[{"name":"wp","href":"https:\/\/api.w.org\/{rel}","templated":true}]}}