{"id":74637,"date":"2024-07-12T20:29:41","date_gmt":"2024-07-12T23:29:41","guid":{"rendered":"https:\/\/vocesparalelas.com.ar\/sitio\/?p=74637"},"modified":"2024-07-15T22:01:07","modified_gmt":"2024-07-16T01:01:07","slug":"udap-rechazo-el-aumento-salarial-del-gobierno-de-san-juan","status":"publish","type":"post","link":"https:\/\/vocesparalelas.com.ar\/sitio\/udap-rechazo-el-aumento-salarial-del-gobierno-de-san-juan\/","title":{"rendered":"UDAP rechaz\u00f3 el aumento Salarial del Gobierno de San Juan"},"content":{"rendered":"<p>El Mi\u00e9rcoles, 10 de Julio, se realiz\u00f3 la Reuni\u00f3n Paritaria Docente donde el Gobierno de San Juan propuso\u00a0 un aumento salarial a los gremios Docentes de UDAP, UDA y AMET.<\/p>\n<p>Dicha reuni\u00f3n pas\u00f3 a cuarto intermedio a los fines que los gremios docentes realicen un an\u00e1lisis y consulta a las bases para traer una respuesta.<\/p>\n<p>Es as\u00ed que, el Viernes, 12 de Julio, se desarroll\u00f3 en UDAP la consulta y los Delegados Escolares rechazaron la propuesta del aumento salarial \u00abJulio 2024\u00bb del 6 %, al valor \u00edndice, m\u00e1s 10 puntos para todos los cargos ofrecidos por el Gobierno de San Juan.<\/p>\n<p>&nbsp;<\/p>\n<p>&nbsp;<\/p>\n<blockquote class=\"wp-embedded-content\" data-secret=\"0LK6kgL3bX\"><p><a href=\"https:\/\/vocesparalelas.com.ar\/sitio\/se-desarrollo-la-paritaria-docente-de-san-juan-para-definir-aumento-salarial-de-julio-agosto-y-septiembre-de-2024\/\">Se desarroll\u00f3 la Paritaria Docente de San Juan para definir aumento Salarial de Julio, Agosto y Septiembre de 2024<\/a><\/p><\/blockquote>\n<p><iframe loading=\"lazy\" class=\"wp-embedded-content\" sandbox=\"allow-scripts\" security=\"restricted\" style=\"position: absolute; clip: rect(1px, 1px, 1px, 1px);\" title=\"\u00abSe desarroll\u00f3 la Paritaria Docente de San Juan para definir aumento Salarial de Julio, Agosto y Septiembre de 2024\u00bb \u2014 Voces Paralelas\" src=\"https:\/\/vocesparalelas.com.ar\/sitio\/se-desarrollo-la-paritaria-docente-de-san-juan-para-definir-aumento-salarial-de-julio-agosto-y-septiembre-de-2024\/embed\/#?secret=1c106WaIUM#?secret=0LK6kgL3bX\" data-secret=\"0LK6kgL3bX\" width=\"600\" height=\"338\" frameborder=\"0\" marginwidth=\"0\" marginheight=\"0\" scrolling=\"no\"><\/iframe><\/p>\n","protected":false},"excerpt":{"rendered":"<p>El Mi\u00e9rcoles, 10 de Julio, se realiz\u00f3 la Reuni\u00f3n Paritaria Docente donde el Gobierno de San Juan propuso\u00a0 un aumento<\/p>\n","protected":false},"author":3,"featured_media":52636,"comment_status":"closed","ping_status":"closed","sticky":false,"template":"","format":"standard","meta":{"_acf_changed":false,"_seopress_robots_primary_cat":"none","_seopress_titles_title":"","_seopress_titles_desc":"","_seopress_robots_index":"","colormag_page_container_layout":"default_layout","colormag_page_sidebar_layout":"default_layout","footnotes":""},"categories":[5],"tags":[],"class_list":["post-74637","post","type-post","status-publish","format-standard","has-post-thumbnail","hentry","category-ofrecimientos"],"acf":[],"_links":{"self":[{"href":"https:\/\/vocesparalelas.com.ar\/sitio\/wp-json\/wp\/v2\/posts\/74637","targetHints":{"allow":["GET"]}}],"collection":[{"href":"https:\/\/vocesparalelas.com.ar\/sitio\/wp-json\/wp\/v2\/posts"}],"about":[{"href":"https:\/\/vocesparalelas.com.ar\/sitio\/wp-json\/wp\/v2\/types\/post"}],"author":[{"embeddable":true,"href":"https:\/\/vocesparalelas.com.ar\/sitio\/wp-json\/wp\/v2\/users\/3"}],"replies":[{"embeddable":true,"href":"https:\/\/vocesparalelas.com.ar\/sitio\/wp-json\/wp\/v2\/comments?post=74637"}],"version-history":[{"count":1,"href":"https:\/\/vocesparalelas.com.ar\/sitio\/wp-json\/wp\/v2\/posts\/74637\/revisions"}],"predecessor-version":[{"id":74640,"href":"https:\/\/vocesparalelas.com.ar\/sitio\/wp-json\/wp\/v2\/posts\/74637\/revisions\/74640"}],"wp:featuredmedia":[{"embeddable":true,"href":"https:\/\/vocesparalelas.com.ar\/sitio\/wp-json\/wp\/v2\/media\/52636"}],"wp:attachment":[{"href":"https:\/\/vocesparalelas.com.ar\/sitio\/wp-json\/wp\/v2\/media?parent=74637"}],"wp:term":[{"taxonomy":"category","embeddable":true,"href":"https:\/\/vocesparalelas.com.ar\/sitio\/wp-json\/wp\/v2\/categories?post=74637"},{"taxonomy":"post_tag","embeddable":true,"href":"https:\/\/vocesparalelas.com.ar\/sitio\/wp-json\/wp\/v2\/tags?post=74637"}],"curies":[{"name":"wp","href":"https:\/\/api.w.org\/{rel}","templated":true}]}}