{"id":74602,"date":"2024-07-11T13:41:15","date_gmt":"2024-07-11T16:41:15","guid":{"rendered":"https:\/\/vocesparalelas.com.ar\/sitio\/?p=74602"},"modified":"2024-07-12T20:24:39","modified_gmt":"2024-07-12T23:24:39","slug":"actividades-me-quedo-en-rivadavia","status":"publish","type":"post","link":"https:\/\/vocesparalelas.com.ar\/sitio\/actividades-me-quedo-en-rivadavia\/","title":{"rendered":"Actividades \u201cMe Quedo en Rivadavia\u201d"},"content":{"rendered":"<p>La Municipalidad de la Ciudad de Rivadavia trabaj\u00f3 junto al Gobierno de San Juan y la C\u00e1mara de Prestadores Tur\u00edsticos en la confecci\u00f3n de un exhaustivo cronograma de visitas guiadas, degustaciones, maridajes, ecolog\u00eda y aventura en este receso invernal.<\/p>\n<p>\u201cMe Quedo en Rivadavia\u201d es el programa que se lanz\u00f3 d\u00edas atr\u00e1s con un sinf\u00edn de actividades culturales en el Parque de Rivadavia y actividades pedag\u00f3gicas en el Faun\u00edstico. Ahora, Rivadavia present\u00f3 alternativas vinculadas al turismo gastron\u00f3mico, ecol\u00f3gico y de aventuras.<\/p>\n<p>Se destacan en esta planificaci\u00f3n, la Ruta del Olivo, la Ruta del Vino y la Ruta de la Cerveza Artesanal con experiencias gustativas y sonoras de la mano de gu\u00edas, degustaciones y m\u00fasica en vivo.<\/p>\n<p>Adem\u00e1s, el Parque de la Biodiversidad y el Centro de Formaci\u00f3n Ambiental Anchipurac aportan recorridos naturales y educativos con ferias, talleres y cine.<\/p>\n<p>Finalmente, el turismo cultural y de aventura tambi\u00e9n se anotan en estas fechas con un variado calendario de museolog\u00eda, t\u00edteres, tirolesa y trekking.<\/p>\n<p>El Intendente Sergio Miodowsky y su equipo de trabajo ha colaborado junto al Gobierno de San Juan para la elaboraci\u00f3n de un cronograma que invita a la familia en pleno a disfrutar de este invierno en Rivadavia.<\/p>\n<p><img loading=\"lazy\" decoding=\"async\" class=\"alignnone size-full wp-image-74527\" src=\"https:\/\/vocesparalelas.com.ar\/sitio\/wp-content\/uploads\/2024\/07\/RIVADAVIA-COMISION-TURISTAS-05.jpg\" alt=\"\" width=\"800\" height=\"600\" srcset=\"https:\/\/vocesparalelas.com.ar\/sitio\/wp-content\/uploads\/2024\/07\/RIVADAVIA-COMISION-TURISTAS-05.jpg 800w, https:\/\/vocesparalelas.com.ar\/sitio\/wp-content\/uploads\/2024\/07\/RIVADAVIA-COMISION-TURISTAS-05-300x225.jpg 300w, https:\/\/vocesparalelas.com.ar\/sitio\/wp-content\/uploads\/2024\/07\/RIVADAVIA-COMISION-TURISTAS-05-768x576.jpg 768w\" sizes=\"auto, (max-width: 800px) 100vw, 800px\" \/><\/p>\n","protected":false},"excerpt":{"rendered":"<p>La Municipalidad de la Ciudad de Rivadavia trabaj\u00f3 junto al Gobierno de San Juan y la C\u00e1mara de Prestadores Tur\u00edsticos<\/p>\n","protected":false},"author":3,"featured_media":74605,"comment_status":"closed","ping_status":"closed","sticky":false,"template":"","format":"standard","meta":{"_acf_changed":false,"_seopress_robots_primary_cat":"none","_seopress_titles_title":"","_seopress_titles_desc":"","_seopress_robots_index":"","colormag_page_container_layout":"default_layout","colormag_page_sidebar_layout":"default_layout","footnotes":""},"categories":[6],"tags":[],"class_list":["post-74602","post","type-post","status-publish","format-standard","has-post-thumbnail","hentry","category-eventos"],"acf":[],"_links":{"self":[{"href":"https:\/\/vocesparalelas.com.ar\/sitio\/wp-json\/wp\/v2\/posts\/74602","targetHints":{"allow":["GET"]}}],"collection":[{"href":"https:\/\/vocesparalelas.com.ar\/sitio\/wp-json\/wp\/v2\/posts"}],"about":[{"href":"https:\/\/vocesparalelas.com.ar\/sitio\/wp-json\/wp\/v2\/types\/post"}],"author":[{"embeddable":true,"href":"https:\/\/vocesparalelas.com.ar\/sitio\/wp-json\/wp\/v2\/users\/3"}],"replies":[{"embeddable":true,"href":"https:\/\/vocesparalelas.com.ar\/sitio\/wp-json\/wp\/v2\/comments?post=74602"}],"version-history":[{"count":1,"href":"https:\/\/vocesparalelas.com.ar\/sitio\/wp-json\/wp\/v2\/posts\/74602\/revisions"}],"predecessor-version":[{"id":74606,"href":"https:\/\/vocesparalelas.com.ar\/sitio\/wp-json\/wp\/v2\/posts\/74602\/revisions\/74606"}],"wp:featuredmedia":[{"embeddable":true,"href":"https:\/\/vocesparalelas.com.ar\/sitio\/wp-json\/wp\/v2\/media\/74605"}],"wp:attachment":[{"href":"https:\/\/vocesparalelas.com.ar\/sitio\/wp-json\/wp\/v2\/media?parent=74602"}],"wp:term":[{"taxonomy":"category","embeddable":true,"href":"https:\/\/vocesparalelas.com.ar\/sitio\/wp-json\/wp\/v2\/categories?post=74602"},{"taxonomy":"post_tag","embeddable":true,"href":"https:\/\/vocesparalelas.com.ar\/sitio\/wp-json\/wp\/v2\/tags?post=74602"}],"curies":[{"name":"wp","href":"https:\/\/api.w.org\/{rel}","templated":true}]}}