{"id":74594,"date":"2024-07-11T12:20:30","date_gmt":"2024-07-11T15:20:30","guid":{"rendered":"https:\/\/vocesparalelas.com.ar\/sitio\/?p=74594"},"modified":"2024-07-12T19:58:41","modified_gmt":"2024-07-12T22:58:41","slug":"actividades-para-la-familia-y-los-mas-pequenos-en-san-juan","status":"publish","type":"post","link":"https:\/\/vocesparalelas.com.ar\/sitio\/actividades-para-la-familia-y-los-mas-pequenos-en-san-juan\/","title":{"rendered":"Actividades para la familia y los m\u00e1s peque\u00f1os en San Juan"},"content":{"rendered":"<p>El Gobierno de San Juan, a trav\u00e9s del Ministerio de Turismo Cultura y Deporte junto con Municipios y prestadores de turismo organizaron una serie de actividades para la familia y los m\u00e1s peque\u00f1os.<\/p>\n<p><strong><span style=\"color: #ff6600;\">Cronograma<\/span><\/strong><\/p>\n<p><strong><span style=\"color: #ff6600;\">Descubr\u00ed el Dino Baby<\/span><\/strong><\/p>\n<p>Descubr\u00ed al Dino Baby, el adorable dinosaurio beb\u00e9, en compa\u00f1\u00eda de los guardaparques del Parque Ischigualasto. Disfrut\u00e1 de una funci\u00f3n especialmente dise\u00f1ada para los m\u00e1s peque\u00f1os, llena de diversi\u00f3n y entretenimiento.\u00a0En la Peatonal D.F. Sarmiento, hasta el 14 de julio, de 10 a 14.<\/p>\n<p><strong><span style=\"color: #ff6600;\">Ruta s\u00edsmica recorrido en movimiento<\/span><\/strong><\/p>\n<p>Recorrido por el Museo de la Memoria Urbana para conocer sobre la historia, la memoria, la vida urbana y los habitantes de la Ciudad de San Juan. Adem\u00e1s, se visitar\u00e1 el Cerro de Valdivia que atesora las cenizas de las v\u00edctimas del Terremoto de 1944 y el Templo de Ntra. Sra. de Tulum. Finalizando el recorrido se podr\u00e1 conocer la Muestra Fotogr\u00e1fica perteneciente al Archivo Hist\u00f3rico de la provincia, puesta a disposici\u00f3n en la Bodega Vi\u00f1as de Segisa, Pocito.\u00a0Actividad libre y gratuita, para todo p\u00fablico. El evento es este 12 julio de 14 a 19. Cupo 30 personas por d\u00eda.\u00a0link inscripci\u00f3n<\/p>\n<p><a href=\"https:\/\/docs.google.com\/forms\/d\/e\/1FAIpQLSdSJTJyTTkCZ58MWxca2OMqzuhoXJTB_je5RZ6s8cdUvAT21A\/viewform\">https:\/\/docs.google.com\/forms\/d\/e\/1FAIpQLSdSJTJyTTkCZ58MWxca2OMqzuhoXJTB_je5RZ6s8cdUvAT21A\/viewform<\/a><\/p>\n<p>WhatsApp para consultas: 264 5854767. Punto de Encuentro Secretar\u00eda de Turismo (Gral. Acha 326 sur, San Juan)<\/p>\n<p><strong><span style=\"color: #ff6600;\">Concierto Orquesta Escuela<\/span><\/strong><\/p>\n<p>En el Auditorio Juan Victoria, la Orquesta de cuerdas formada por adolescentes y ni\u00f1os brindar\u00e1n un concierto gratuito.\u00a0Ser\u00e1 el 10 de julio a las 19 hs.<\/p>\n<p><span style=\"color: #ff6600;\"><strong>Experiencia caf\u00e9 y estrellas<\/strong><\/span><\/p>\n<p>Visita diurna al Telescopio \u00d3ptico Jorge Sahade, degustaci\u00f3n de caf\u00e9 de especialidad y maridaje a cargo de la sommelier Nora Pujado junto a \u00abDelicias Tamberianas\u00bb. Incluye observaci\u00f3n astron\u00f3mica por medio de telescopios de 30 y 35 cm de di\u00e1metro.\u00a0D\u00edas 10 y 11 de julio, cupos limitados. Observatorio CASLEO Complejo Astron\u00f3mico El Leoncito. Barreal, Calingasta. Apto para mayores de 5 a\u00f1os. Asistir con abrigo y calzado adecuado. (es al aire libre a 2.555 m.s.n.m). Costo $15.000 por persona.<\/p>\n<p><strong><span style=\"color: #ff6600;\">Paseando por el Carrascal Festival de vacaciones de invierno<\/span><\/strong><\/p>\n<p>Deliciosas degustaciones de productos locales como sopaipillas, mate cocido y frutos secos, junto a emprendedores locales. M\u00fasica en vivo con talentosos artistas sanjuaninos llenar\u00e1 el aire, acompa\u00f1ada por coloridas intervenciones de danza que har\u00e1n vibrar tus sentidos.\u00a0Los d\u00edas 12, 13, 14, 19, 20, 21, 26, 27 de julio &#8211; de 10 a 14.<\/p>\n<p><strong><span style=\"color: #ff6600;\">Tiembla el vino de San Juan &#8211; Muestra fotogr\u00e1fica Ruta S\u00edsmica<\/span><\/strong><\/p>\n<p>Muestra fotogr\u00e1fica de fotos pertenecientes al Archivo General de la Provincia de los terremotos ocurridos en 1944, 1977, 2021. Degustaciones de vino y DJ en vivo.\u00a0El 12 de julio &#8211; 16 a 19 &#8211; Circuito, degustaci\u00f3n e intervenci\u00f3n 13 y 14\/07 &#8211; Muestra fotogr\u00e1fica 13\/07 &#8211; De 10:30 a 18; 14\/07 &#8211; De 10:30 a 14:30. WhatsApp para consultas: 264 5854767. Entrada libre y gratuita. Apta para todo p\u00fablico.<\/p>\n<p><strong><span style=\"color: #ff6600;\">Manos milagrosas, creando macetas con fe<\/span><\/strong><\/p>\n<p>El Hotel Terraza, en la Difunta Correa invita a realizar macetas de yeso y cemento blanco. Quienes participen pueden colaborar con alimentos no perecederos. Apta para toda la familia, a partir de 7 a\u00f1os.\u00a0Actividad totalmente gratuita, con inscripci\u00f3n previa y cupos limitados\u00a0(cupo de 25 personas). Ser\u00e1 este\u00a013 de julio a las 16. Tel\u00e9fono: 2644791263.<\/p>\n<p><strong><span style=\"color: #ff6600;\">T\u00edteres m\u00e1gicos, cuentos y chocolate<\/span><\/strong><\/p>\n<p>Funci\u00f3n de T\u00edteres con degustaci\u00f3n de chocolate caliente. Plaza Laspiur &#8211; Difunta Correa.\u00a0Actividad gratuita &#8211; 14 de julio a las 16. Tel\u00e9fono: 2644791263.<\/p>\n<p><strong><span style=\"color: #ff6600;\">Artesanos de Fe<\/span><\/strong><\/p>\n<p>Feria de productos y artesan\u00edas realizadas por la comunidad de Vallecito. Casa de Bienvenida &#8211; Difunta Correa.\u00a0Actividad abierta a todo el p\u00fablico y gratuita. Desde el 12\/07, todos los viernes, s\u00e1bados, domingos y feriados &#8211; 10 a 18.<\/p>\n<p><strong><span style=\"color: #ff6600;\">Visitas guiadas culturales<\/span><\/strong><\/p>\n<p>Podr\u00e1n conocer la historia del paraje y de Deolinda a trav\u00e9s del cuadro de Capillas, el Museo de la Fe y recorrer los dep\u00f3sitos donde se atesoran los miles de donaciones. Casa de Bienvenida &#8211;\u00a0actividad abierta al p\u00fablico y totalmente gratuita. S\u00e1bados, domingos y feriados Ma\u00f1ana: 9:15 a 12:45. Tarde: 17:15 a 19:45. Salidas cada 30 minutos.<\/p>\n<p><strong><span style=\"color: #ff6600;\">Paleoturismo educativo en el Faun\u00edstico:<\/span><\/strong><\/p>\n<p>Un recorrido en el que los m\u00e1s peque\u00f1os jugar\u00e1n a ser paleont\u00f3logos durante 2 horas, buscando r\u00e9plicas de restos f\u00f3siles de mam\u00edferos de la era del hielo. Adem\u00e1s, disfrutar\u00e1n del taller de educaci\u00f3n ambiental y har\u00e1n un recorrido guiado en el que aprender\u00e1n todo sobre fauna aut\u00f3ctona. \u2022 Actividad gratuita para ni\u00f1os de 3 a 12 a\u00f1os \u2022 Cupo limitado previa inscripci\u00f3n y confirmaci\u00f3n. Actividad el 13 y 14 de julio &#8211; Primer turno 11 hs \/ Segundo turno a las 14;<\/p>\n<p><span style=\"color: #ff6600;\"><strong>Link inscripci\u00f3n<\/strong><\/span><\/p>\n<p><a href=\"https:\/\/docs.google.com\/forms\/d\/e\/1FAIpQLScHB-0DO7hvE8W3xbzlYXTbhE1wCCsl1tCH2X2qZOCtZIYdyQ\/viewform\">https:\/\/docs.google.com\/forms\/d\/e\/1FAIpQLScHB-0DO7hvE8W3xbzlYXTbhE1wCCsl1tCH2X2qZOCtZIYdyQ\/viewform<\/a><\/p>\n<p>El cupo ser\u00e1 confirmado por mail.<\/p>\n<p><strong><span style=\"color: #ff6600;\">Recorriendo la quebrada plogging familiar<\/span><\/strong><\/p>\n<p>Propuesta en la Quebrada de Zonda para hacer deportes y recoger residuos junto a los m\u00e1s peque\u00f1os. Incluir\u00e1 plogging, juegos, m\u00fasica y mucha diversi\u00f3n, iniciar\u00e1 a las 14 horas y se extender\u00e1 hasta horas de la tarde. Adem\u00e1s, habr\u00e1 una gran feria ambiental con Eco Canjes, puntos verdes de reciclado, juegos de recreaci\u00f3n y educaci\u00f3n ambiental, \u00a1m\u00fasica y shows en vivo! Actividad gratuita, inscripciones previas.\u00a0Ser\u00e1 el 20 de julio a las 14.<\/p>\n<p><strong><span style=\"color: #ff6600;\">San Juan gastron\u00f3mico<\/span><\/strong><\/p>\n<p>Comidas t\u00edpicas y emprendedores artesanos, espect\u00e1culos musicales, t\u00edteres y circo en vivo.\u00a0Dique Punta Negra, actividad gratuita para toda la familia. El 14 de 12 a 18.<\/p>\n<p>Adem\u00e1s toda la gu\u00eda de actividades en los municipios puede consultarse en<\/p>\n<p><a href=\"https:\/\/www.sanjuan.tur.ar\/\" target=\"_blank\" rel=\"noopener noreferrer\">sanjuan.tur.ar<\/a>.<\/p>\n","protected":false},"excerpt":{"rendered":"<p>El Gobierno de San Juan, a trav\u00e9s del Ministerio de Turismo Cultura y Deporte junto con Municipios y prestadores de<\/p>\n","protected":false},"author":3,"featured_media":13294,"comment_status":"closed","ping_status":"closed","sticky":false,"template":"","format":"standard","meta":{"_acf_changed":false,"_seopress_robots_primary_cat":"none","_seopress_titles_title":"","_seopress_titles_desc":"","_seopress_robots_index":"","colormag_page_container_layout":"default_layout","colormag_page_sidebar_layout":"default_layout","footnotes":""},"categories":[20],"tags":[],"class_list":["post-74594","post","type-post","status-publish","format-standard","has-post-thumbnail","hentry","category-cartelera"],"acf":[],"_links":{"self":[{"href":"https:\/\/vocesparalelas.com.ar\/sitio\/wp-json\/wp\/v2\/posts\/74594","targetHints":{"allow":["GET"]}}],"collection":[{"href":"https:\/\/vocesparalelas.com.ar\/sitio\/wp-json\/wp\/v2\/posts"}],"about":[{"href":"https:\/\/vocesparalelas.com.ar\/sitio\/wp-json\/wp\/v2\/types\/post"}],"author":[{"embeddable":true,"href":"https:\/\/vocesparalelas.com.ar\/sitio\/wp-json\/wp\/v2\/users\/3"}],"replies":[{"embeddable":true,"href":"https:\/\/vocesparalelas.com.ar\/sitio\/wp-json\/wp\/v2\/comments?post=74594"}],"version-history":[{"count":1,"href":"https:\/\/vocesparalelas.com.ar\/sitio\/wp-json\/wp\/v2\/posts\/74594\/revisions"}],"predecessor-version":[{"id":74597,"href":"https:\/\/vocesparalelas.com.ar\/sitio\/wp-json\/wp\/v2\/posts\/74594\/revisions\/74597"}],"wp:featuredmedia":[{"embeddable":true,"href":"https:\/\/vocesparalelas.com.ar\/sitio\/wp-json\/wp\/v2\/media\/13294"}],"wp:attachment":[{"href":"https:\/\/vocesparalelas.com.ar\/sitio\/wp-json\/wp\/v2\/media?parent=74594"}],"wp:term":[{"taxonomy":"category","embeddable":true,"href":"https:\/\/vocesparalelas.com.ar\/sitio\/wp-json\/wp\/v2\/categories?post=74594"},{"taxonomy":"post_tag","embeddable":true,"href":"https:\/\/vocesparalelas.com.ar\/sitio\/wp-json\/wp\/v2\/tags?post=74594"}],"curies":[{"name":"wp","href":"https:\/\/api.w.org\/{rel}","templated":true}]}}