{"id":74577,"date":"2024-07-10T21:26:56","date_gmt":"2024-07-11T00:26:56","guid":{"rendered":"https:\/\/vocesparalelas.com.ar\/sitio\/?p=74577"},"modified":"2024-07-11T22:13:37","modified_gmt":"2024-07-12T01:13:37","slug":"se-desarrollo-la-paritaria-docente-de-san-juan-para-definir-aumento-salarial-de-julio-agosto-y-septiembre-de-2024","status":"publish","type":"post","link":"https:\/\/vocesparalelas.com.ar\/sitio\/se-desarrollo-la-paritaria-docente-de-san-juan-para-definir-aumento-salarial-de-julio-agosto-y-septiembre-de-2024\/","title":{"rendered":"Se desarroll\u00f3 la Paritaria Docente de San Juan para definir aumento Salarial de Julio, Agosto y Septiembre de 2024"},"content":{"rendered":"<p>En la sala ce situaci\u00f3n del Ministerio de Educaci\u00f3n del Gobierno de San Juan, el Mi\u00e9rcoles, 10 de Julio de 2024, se realiz\u00f3 la reuni\u00f3n Paritaria, en el 2\u00b0 Piso\u00a0 del Centro C\u00edvico, Departamento Capital.<\/p>\n<p>En ella participaron la Ministro de Educaci\u00f3n, Lic. Silvia Fuentes, el Ministro de Econom\u00eda, Finanzas y Hacienda, CPN Roberto Guti\u00e9rrez, la Secretaria de Hacienda y Finanzas CPN Mariela Mingorance, Secretario General de la Gobernaci\u00f3n, Lic. Emilio Achem, la Secretaria de Educaci\u00f3n, Lic. Mariela Lueje y dem\u00e1s, autoridades. Adem\u00e1s, los gremios Secretarios Generales de UDAP, Lic. Patricia Quiroga; de UDA, Prof. Karina Navarro; de AMET Prof. Daniel Quiroga y dem\u00e1s integrantes gremiales.<\/p>\n<p>Se deja constancia que la integraci\u00f3n personal de cada Asociaci\u00f3n Sindical no afecta ni modifica el valor de la cantidad de votos de cada una previsto en el Decreto N\u00b0 121- 2007.<\/p>\n<p>La Ministro de Educaci\u00f3n, Lic. Silvia Fuentes da la bienvenida a las partes y agradece al Ministro de Econom\u00eda Finanzas y Hacienda, CPN Roberto Guti\u00e9rrez su participaci\u00f3n en la Mesa Salarial y le da la palabra.<\/p>\n<p>Las partes intercambian opiniones y propuestas en pos de una mejora en el procedimiento administrativo, para lograr una mayor celeridad y eficacia del mismo.<\/p>\n<p>La Ministro de Educaci\u00f3n da la palabra a la Secretaria de Educaci\u00f3n, quien expresa el enorme esfuerzo del Gobierno Provincial junto al Ministerio de Educaci\u00f3n en mejorar la situaci\u00f3n de los docentes en cumplimiento del compromiso asumido de colocar a la educaci\u00f3n como eje principal de la gesti\u00f3n actual de gobierno, siendo una muestra pragm\u00e1tica de ello, el pago de FONID y Conectividad que el Gobierno Nacional decidi\u00f3\u00a0dejar de afrontar desde el mes de enero de 2024 y que inmediatamente fue asumido por\u00a0el Gobierno Provincial actual.<\/p>\n<p>El Ministro de Econom\u00eda realiza un breve an\u00e1lisis de la situaci\u00f3n econ\u00f3mica actual a nivel nacional, como as\u00ed tambi\u00e9n el reflejo de la inflaci\u00f3n interanual y su evoluci\u00f3n, adem\u00e1s del presente del Banco Central.<\/p>\n<p><span style=\"color: #ff6600;\"><strong>Las autoridades remarcan el enorme esfuerzo que la gesti\u00f3n de gobierno actual realiza para favorecer y mejorar la situaci\u00f3n del sector docente.<\/strong><\/span><\/p>\n<p>Antes de entrar en el tema salarial las tres entidades sindicales sostienen: continuar trabajando en las comisiones t\u00e9cnicos pedag\u00f3gicos del nomenclador docente Decreto 1890, 0197 \u0443 1900 con el objetivo de recuperar las relaci\u00f3n escalafonaria; tratamiento de la jornada completa, celadores, cargos de secretar\u00eda, prosecretaria, ayudantes y cargos directivos de educaci\u00f3n secundaria orientada y t\u00e9cnica, reclamos descuentos del d\u00eda de paro; concurso de ascenso para nivel inicial, primario, adultos y EEE para cargos directivos; solicita la reuni\u00f3n permanente de competencias de t\u00edtulos; solicitan la revisi\u00f3n del otorgamiento de los cargos directivos en el Nivel Secundario Orientado y T\u00e9cnico conforme al estatuto nacional ley N\u00b0 14473 y su decreto de aplicaci\u00f3n N\u00b0 0638 y que la Obra Social Provincia cuando emita las resoluciones que le dan valores a las unidades m\u00e9dicas, bioqu\u00edmicas que discrimine la cobertura del Plan M\u00e9dico Obligatorio en relaci\u00f3n a los montos que debe abonar la Obra social y el afiliado (80% Obra Social, 20% afiliado); asimismo solicitan la revisi\u00f3n de porcentaje de los radios 4, 5, 6 y 7; adem\u00e1s se invite a participar en todas las tem\u00e1ticas pedag\u00f3gicas como lo estipula la legislaci\u00f3n nacional; y cobertura de cargos para gabinetes de escuelas p\u00fablicas. Tambi\u00e9n sugieren analizar las docencias pasivas para traslado y el monto de salario familiar.<\/p>\n<p><strong><span style=\"color: #ff6600;\">El Ministro de Econom\u00eda, Hacienda y Finanzas CPN Roberto Guti\u00e9rrez ofrece como propuesta salarial para el trimestre de Julio, Agosto y Septiembre distribuidos de la siguiente manera: <\/span><\/strong><\/p>\n<ul>\n<li>6% en Juliov2024 sobre los haberes del mes de junio 2024,<\/li>\n<li>5% en Agosto 2024 sobre los haberes del mes de julio 2024,<\/li>\n<li>5% en Septiembre 2024 sobre los haberes del mes de agosto 2024<\/li>\n<\/ul>\n<p><strong><span style=\"color: #ff6600;\">M\u00e1s la asignaci\u00f3n de 20 puntos en el nomenclador docente, distribuidos de la siguiente manera: <\/span><\/strong><\/p>\n<ul>\n<li>10 puntos aplicados para el mes de Julio 2024 y<\/li>\n<li>10 puntos aplicados para el mes de Octubre 2024,<\/li>\n<li>m\u00e1s un monto equivalente a Conectividad y FONID por cargo y hasta dos cargos o su equivalente en horas catedra, pagado por la Provincia de veinticinco mil pesos ($25.000) durante los meses de Julio, Agosto y Septiembre de 2024, quedando dicha suma para el mes de Octubre en el monto de veinte mil pesos ($20.000).<\/li>\n<\/ul>\n<p>Ante esta propuesta, las entidades sindicales piden pasar a cuarto intermedio dejando la paritaria abierta, para analizarlo con las bases y sus 12 de julio de 2024 a los fines de traer una respuesta.<\/p>\n<p>&nbsp;<\/p>\n<p><img loading=\"lazy\" decoding=\"async\" class=\"alignnone size-full wp-image-28629\" src=\"https:\/\/vocesparalelas.com.ar\/sitio\/wp-content\/uploads\/2020\/05\/MINISTERIO-EDUCACION-SJ.jpg\" alt=\"\" width=\"800\" height=\"533\" srcset=\"https:\/\/vocesparalelas.com.ar\/sitio\/wp-content\/uploads\/2020\/05\/MINISTERIO-EDUCACION-SJ.jpg 800w, https:\/\/vocesparalelas.com.ar\/sitio\/wp-content\/uploads\/2020\/05\/MINISTERIO-EDUCACION-SJ-300x200.jpg 300w, https:\/\/vocesparalelas.com.ar\/sitio\/wp-content\/uploads\/2020\/05\/MINISTERIO-EDUCACION-SJ-768x512.jpg 768w\" sizes=\"auto, (max-width: 800px) 100vw, 800px\" \/><\/p>\n<p>&nbsp;<\/p>\n<p>&nbsp;<\/p>\n<p>&nbsp;<\/p>\n","protected":false},"excerpt":{"rendered":"<p>En la sala ce situaci\u00f3n del Ministerio de Educaci\u00f3n del Gobierno de San Juan, el Mi\u00e9rcoles, 10 de Julio de<\/p>\n","protected":false},"author":3,"featured_media":74580,"comment_status":"closed","ping_status":"closed","sticky":false,"template":"","format":"standard","meta":{"_acf_changed":false,"_seopress_robots_primary_cat":"none","_seopress_titles_title":"","_seopress_titles_desc":"","_seopress_robots_index":"","colormag_page_container_layout":"default_layout","colormag_page_sidebar_layout":"default_layout","footnotes":""},"categories":[5],"tags":[],"class_list":["post-74577","post","type-post","status-publish","format-standard","has-post-thumbnail","hentry","category-ofrecimientos"],"acf":[],"_links":{"self":[{"href":"https:\/\/vocesparalelas.com.ar\/sitio\/wp-json\/wp\/v2\/posts\/74577","targetHints":{"allow":["GET"]}}],"collection":[{"href":"https:\/\/vocesparalelas.com.ar\/sitio\/wp-json\/wp\/v2\/posts"}],"about":[{"href":"https:\/\/vocesparalelas.com.ar\/sitio\/wp-json\/wp\/v2\/types\/post"}],"author":[{"embeddable":true,"href":"https:\/\/vocesparalelas.com.ar\/sitio\/wp-json\/wp\/v2\/users\/3"}],"replies":[{"embeddable":true,"href":"https:\/\/vocesparalelas.com.ar\/sitio\/wp-json\/wp\/v2\/comments?post=74577"}],"version-history":[{"count":3,"href":"https:\/\/vocesparalelas.com.ar\/sitio\/wp-json\/wp\/v2\/posts\/74577\/revisions"}],"predecessor-version":[{"id":74583,"href":"https:\/\/vocesparalelas.com.ar\/sitio\/wp-json\/wp\/v2\/posts\/74577\/revisions\/74583"}],"wp:featuredmedia":[{"embeddable":true,"href":"https:\/\/vocesparalelas.com.ar\/sitio\/wp-json\/wp\/v2\/media\/74580"}],"wp:attachment":[{"href":"https:\/\/vocesparalelas.com.ar\/sitio\/wp-json\/wp\/v2\/media?parent=74577"}],"wp:term":[{"taxonomy":"category","embeddable":true,"href":"https:\/\/vocesparalelas.com.ar\/sitio\/wp-json\/wp\/v2\/categories?post=74577"},{"taxonomy":"post_tag","embeddable":true,"href":"https:\/\/vocesparalelas.com.ar\/sitio\/wp-json\/wp\/v2\/tags?post=74577"}],"curies":[{"name":"wp","href":"https:\/\/api.w.org\/{rel}","templated":true}]}}