{"id":74573,"date":"2024-07-10T19:27:42","date_gmt":"2024-07-10T22:27:42","guid":{"rendered":"https:\/\/vocesparalelas.com.ar\/sitio\/?p=74573"},"modified":"2024-07-11T20:58:56","modified_gmt":"2024-07-11T23:58:56","slug":"masterclass-de-ballet-con-cecilia-figaredo-en-el-tb-de-san-juan","status":"publish","type":"post","link":"https:\/\/vocesparalelas.com.ar\/sitio\/masterclass-de-ballet-con-cecilia-figaredo-en-el-tb-de-san-juan\/","title":{"rendered":"Masterclass de Ballet con Cecilia Figaredo en el TB de San Juan"},"content":{"rendered":"<p dir=\"ltr\">El Teatro del Bicentenario del Ministerio de Turismo, Cultura y Deporte del Gobierno de San Juan, invita a bailarines a participar de manera activa de la Masterclass de Ballet\u00a0a cargo de la destacada Maestra\u00a0Cecilia Figaredo el S\u00e1bado, 20 de Julio, de 11:30 a 13:00hs en la Sala de Danza del Teatro del Bicentenario.<\/p>\n<p dir=\"ltr\">Con el objetivo de perfeccionar la formaci\u00f3n acad\u00e9mica en ballet y el desarrollo art\u00edstico profesional, el TB abre la convocatoria para bailarines mayores de 16 a\u00f1os que tengan un nivel intermedio y avanzado en danza cl\u00e1sica para participar de la clase \u00fanica el 20 de Julio.<\/p>\n<p dir=\"ltr\">Inscripciones<\/p>\n<p dir=\"ltr\">A partir del 10 de Julio a trav\u00e9s de un formulario de Google, dispuesto en la p\u00e1gina web del Teatro<\/p>\n<p dir=\"ltr\"><a href=\"https:\/\/www.teatrodelbicentenariosanjuan.org\/masterclassceciliafigaredo\/\">https:\/\/www.teatrodelbicentenariosanjuan.org\/masterclassceciliafigaredo\/<\/a><\/p>\n<p dir=\"ltr\">y se les informa v\u00eda mail la confirmaci\u00f3n de aceptaci\u00f3n. La selecci\u00f3n ser\u00e1 por orden de inscripci\u00f3n y es con cupos limitados.<\/p>\n<p dir=\"ltr\">Los maestros de danza, principalmente de ballet, podr\u00e1n presenciar la Masterclass\u00a0en calidad de oyentes. Adem\u00e1s, tienen la posibilidad de observar alguna de las clases del \u201cSeminario intensivo de ballet y repertorio coreogr\u00e1fico\u201d dictado por la Maestra Cecilia Figaredo para alumnos del Programa de Formaci\u00f3n y Desarrollo Profesional para Bailarines. Las condiciones para participar son las mismas que los alumnos activos. Es decir,\u00a0deber\u00e1n registrarse en el mismo formulario de Google, ser\u00e1n seleccionados por orden de inscripci\u00f3n y es con cupo limitado.<\/p>\n<p dir=\"ltr\"><strong><span style=\"color: #ff6600;\">Sobre Cecilia Figaredo<\/span><\/strong><\/p>\n<p dir=\"ltr\">Inici\u00f3 sus estudios en la Escuela Nacional de Danzas N\u00b02 y en el Instituto Superior de Arte del Teatro Col\u00f3n, perfeccion\u00e1ndose en forma particular con Josefina Serrano, Gloria Kazda, Lidia Segni, Karemia Moreno, Loipa Araujo y el maestro Wilhem Burgmann. Su repertorio cl\u00e1sico internacional como Primera Bailarina incluye diferentes obras como Llamas de Par\u00eds, El Corsario, Tchaicovsky pas de deux, Tarantella, Diana y Action, La fille mar gardee, Cisne Negro, Don Quixote, Coppelia, La Vivandiere, entre otras.<\/p>\n<p dir=\"ltr\">Interpret\u00f3, tambi\u00e9n, obras con artistas nacionales e internacionales de renombre.<\/p>\n<p dir=\"ltr\">Actualmente, se desempe\u00f1a como docente en la UNA ( Universidad Nacional de las Artes) y como Maestra del Ballet Folkl\u00f3rico Nacional. A su vez, es Maestra invitada del Ballet Estable del Teatro Col\u00f3n y del Ballet Contempor\u00e1neo del Teatro General San Mart\u00edn. Desarrolla su labor como docente en la Escuela Fundaci\u00f3n Julio Bocca y en IAM (Instituto Argentino de M\u00fasica).<\/p>\n<figure id=\"attachment_59510\" aria-describedby=\"caption-attachment-59510\" style=\"width: 800px\" class=\"wp-caption alignnone\"><img loading=\"lazy\" decoding=\"async\" class=\"size-full wp-image-59510\" src=\"https:\/\/vocesparalelas.com.ar\/sitio\/wp-content\/uploads\/2023\/05\/TB-PATRIO.jpg\" alt=\"\" width=\"800\" height=\"534\" srcset=\"https:\/\/vocesparalelas.com.ar\/sitio\/wp-content\/uploads\/2023\/05\/TB-PATRIO.jpg 800w, https:\/\/vocesparalelas.com.ar\/sitio\/wp-content\/uploads\/2023\/05\/TB-PATRIO-300x200.jpg 300w, https:\/\/vocesparalelas.com.ar\/sitio\/wp-content\/uploads\/2023\/05\/TB-PATRIO-768x513.jpg 768w\" sizes=\"auto, (max-width: 800px) 100vw, 800px\" \/><figcaption id=\"caption-attachment-59510\" class=\"wp-caption-text\">Teatro Bicentenario en la Provincia de San Juan, Rep\u00fablica Argentina<\/figcaption><\/figure>\n","protected":false},"excerpt":{"rendered":"<p>El Teatro del Bicentenario del Ministerio de Turismo, Cultura y Deporte del Gobierno de San Juan, invita a bailarines a<\/p>\n","protected":false},"author":3,"featured_media":15606,"comment_status":"closed","ping_status":"closed","sticky":false,"template":"","format":"standard","meta":{"_acf_changed":false,"_seopress_robots_primary_cat":"none","_seopress_titles_title":"","_seopress_titles_desc":"","_seopress_robots_index":"","colormag_page_container_layout":"default_layout","colormag_page_sidebar_layout":"default_layout","footnotes":""},"categories":[9],"tags":[],"class_list":["post-74573","post","type-post","status-publish","format-standard","has-post-thumbnail","hentry","category-cursos"],"acf":[],"_links":{"self":[{"href":"https:\/\/vocesparalelas.com.ar\/sitio\/wp-json\/wp\/v2\/posts\/74573","targetHints":{"allow":["GET"]}}],"collection":[{"href":"https:\/\/vocesparalelas.com.ar\/sitio\/wp-json\/wp\/v2\/posts"}],"about":[{"href":"https:\/\/vocesparalelas.com.ar\/sitio\/wp-json\/wp\/v2\/types\/post"}],"author":[{"embeddable":true,"href":"https:\/\/vocesparalelas.com.ar\/sitio\/wp-json\/wp\/v2\/users\/3"}],"replies":[{"embeddable":true,"href":"https:\/\/vocesparalelas.com.ar\/sitio\/wp-json\/wp\/v2\/comments?post=74573"}],"version-history":[{"count":1,"href":"https:\/\/vocesparalelas.com.ar\/sitio\/wp-json\/wp\/v2\/posts\/74573\/revisions"}],"predecessor-version":[{"id":74576,"href":"https:\/\/vocesparalelas.com.ar\/sitio\/wp-json\/wp\/v2\/posts\/74573\/revisions\/74576"}],"wp:featuredmedia":[{"embeddable":true,"href":"https:\/\/vocesparalelas.com.ar\/sitio\/wp-json\/wp\/v2\/media\/15606"}],"wp:attachment":[{"href":"https:\/\/vocesparalelas.com.ar\/sitio\/wp-json\/wp\/v2\/media?parent=74573"}],"wp:term":[{"taxonomy":"category","embeddable":true,"href":"https:\/\/vocesparalelas.com.ar\/sitio\/wp-json\/wp\/v2\/categories?post=74573"},{"taxonomy":"post_tag","embeddable":true,"href":"https:\/\/vocesparalelas.com.ar\/sitio\/wp-json\/wp\/v2\/tags?post=74573"}],"curies":[{"name":"wp","href":"https:\/\/api.w.org\/{rel}","templated":true}]}}