{"id":74559,"date":"2024-07-10T11:14:21","date_gmt":"2024-07-10T14:14:21","guid":{"rendered":"https:\/\/vocesparalelas.com.ar\/sitio\/?p=74559"},"modified":"2024-07-11T19:42:20","modified_gmt":"2024-07-11T22:42:20","slug":"se-extiende-el-plazo-hasta-el-8-de-agosto-la-moratoria-2024-de-renta-san-juan","status":"publish","type":"post","link":"https:\/\/vocesparalelas.com.ar\/sitio\/se-extiende-el-plazo-hasta-el-8-de-agosto-la-moratoria-2024-de-renta-san-juan\/","title":{"rendered":"Se extiende el plazo hasta el 8 de Agosto la Moratoria 2024 de Renta San Juan"},"content":{"rendered":"<p>El Gobierno de San Juan a trav\u00e9s de la Direcci\u00f3n General de Rentas informa que por Resoluci\u00f3n N 303- MEFyH-2024, se extiende el plazo hasta el d\u00eda 8 de agosto, para obtener el beneficio de reducci\u00f3n del 100% de intereses pagando de contado, adhiri\u00e9ndose a la Moratoria 2024- R\u00e9gimen Especial de Regularizaci\u00f3n de Obligaciones Tributarias, Ley N\u00b0 2646 -I.<\/p>\n<p>Quienes opten por el pago contado pueden beneficiarse de un descuento del 100% de intereses. Posteriormente al 8 de Agosto, la quita de intereses es del 10%.<\/p>\n<p>La Moratoria 2024 abarca diversas obligaciones impositivas como el Impuesto sobre los Ingresos Brutos, Impuesto Inmobiliario, y el Impuesto a la Radicaci\u00f3n de Automotores, entre otros.<\/p>\n<p><span style=\"color: #ff6600;\"><strong>Entre los aspectos destacados de esta moratoria se incluyen:<\/strong><\/span><\/p>\n<ul>\n<li>Descuentos del 100% de intereses: Los contribuyentes que realicen el pago contado podr\u00e1n disfrutar de una reducci\u00f3n total de los intereses.<\/li>\n<li>Facilidades de pago: Se ofrecen planes de hasta 24 cuotas con una quita de intereses del 30% hasta el 8 de agosto.<\/li>\n<\/ul>\n<p>Es esencial realizar los tr\u00e1mites de adhesi\u00f3n a trav\u00e9s de la p\u00e1gina web oficial de Rentas, contando con una cuenta de Ciudadano Digital para completar el proceso.<\/p>\n<p>Para m\u00e1s informaci\u00f3n y asistencia, los interesados pueden dirigirse a la Planta Baja del Centro C\u00edvico de Lunes a Viernes, de 7:30 a 20:00 horas.<\/p>\n<p><img loading=\"lazy\" decoding=\"async\" class=\"alignnone size-full wp-image-50159\" src=\"https:\/\/vocesparalelas.com.ar\/sitio\/wp-content\/uploads\/2022\/06\/DGR-SAN-JUAN-01.jpg\" alt=\"\" width=\"800\" height=\"420\" srcset=\"https:\/\/vocesparalelas.com.ar\/sitio\/wp-content\/uploads\/2022\/06\/DGR-SAN-JUAN-01.jpg 800w, https:\/\/vocesparalelas.com.ar\/sitio\/wp-content\/uploads\/2022\/06\/DGR-SAN-JUAN-01-300x158.jpg 300w, https:\/\/vocesparalelas.com.ar\/sitio\/wp-content\/uploads\/2022\/06\/DGR-SAN-JUAN-01-768x403.jpg 768w, https:\/\/vocesparalelas.com.ar\/sitio\/wp-content\/uploads\/2022\/06\/DGR-SAN-JUAN-01-390x205.jpg 390w\" sizes=\"auto, (max-width: 800px) 100vw, 800px\" \/><\/p>\n<p>&nbsp;<\/p>\n","protected":false},"excerpt":{"rendered":"<p>El Gobierno de San Juan a trav\u00e9s de la Direcci\u00f3n General de Rentas informa que por Resoluci\u00f3n N 303- MEFyH-2024,<\/p>\n","protected":false},"author":3,"featured_media":65642,"comment_status":"closed","ping_status":"closed","sticky":false,"template":"","format":"standard","meta":{"_acf_changed":false,"_seopress_robots_primary_cat":"none","_seopress_titles_title":"","_seopress_titles_desc":"","_seopress_robots_index":"","colormag_page_container_layout":"default_layout","colormag_page_sidebar_layout":"default_layout","footnotes":""},"categories":[6],"tags":[],"class_list":["post-74559","post","type-post","status-publish","format-standard","has-post-thumbnail","hentry","category-eventos"],"acf":[],"_links":{"self":[{"href":"https:\/\/vocesparalelas.com.ar\/sitio\/wp-json\/wp\/v2\/posts\/74559","targetHints":{"allow":["GET"]}}],"collection":[{"href":"https:\/\/vocesparalelas.com.ar\/sitio\/wp-json\/wp\/v2\/posts"}],"about":[{"href":"https:\/\/vocesparalelas.com.ar\/sitio\/wp-json\/wp\/v2\/types\/post"}],"author":[{"embeddable":true,"href":"https:\/\/vocesparalelas.com.ar\/sitio\/wp-json\/wp\/v2\/users\/3"}],"replies":[{"embeddable":true,"href":"https:\/\/vocesparalelas.com.ar\/sitio\/wp-json\/wp\/v2\/comments?post=74559"}],"version-history":[{"count":1,"href":"https:\/\/vocesparalelas.com.ar\/sitio\/wp-json\/wp\/v2\/posts\/74559\/revisions"}],"predecessor-version":[{"id":74562,"href":"https:\/\/vocesparalelas.com.ar\/sitio\/wp-json\/wp\/v2\/posts\/74559\/revisions\/74562"}],"wp:featuredmedia":[{"embeddable":true,"href":"https:\/\/vocesparalelas.com.ar\/sitio\/wp-json\/wp\/v2\/media\/65642"}],"wp:attachment":[{"href":"https:\/\/vocesparalelas.com.ar\/sitio\/wp-json\/wp\/v2\/media?parent=74559"}],"wp:term":[{"taxonomy":"category","embeddable":true,"href":"https:\/\/vocesparalelas.com.ar\/sitio\/wp-json\/wp\/v2\/categories?post=74559"},{"taxonomy":"post_tag","embeddable":true,"href":"https:\/\/vocesparalelas.com.ar\/sitio\/wp-json\/wp\/v2\/tags?post=74559"}],"curies":[{"name":"wp","href":"https:\/\/api.w.org\/{rel}","templated":true}]}}