{"id":74549,"date":"2024-07-09T19:53:33","date_gmt":"2024-07-09T22:53:33","guid":{"rendered":"https:\/\/vocesparalelas.com.ar\/sitio\/?p=74549"},"modified":"2024-07-11T00:42:50","modified_gmt":"2024-07-11T03:42:50","slug":"una-casa-es-la-cuna-de-la-patria","status":"publish","type":"post","link":"https:\/\/vocesparalelas.com.ar\/sitio\/una-casa-es-la-cuna-de-la-patria\/","title":{"rendered":"Una casa es la cuna de la Patria"},"content":{"rendered":"<p>Por el Arzobispo de San Juan de Cuyo, Monse\u00f1or Jorge Lozano<\/p>\n<p>En la Casa Hist\u00f3rica de Tucum\u00e1n, el 9 de julio de 1816, los 33 Congresales firmaron \u201cel acta de la Independencia\u201d. En las paredes de la sala de las deliberaciones hay cuadros que evocan esos momentos solemnes y fundacionales. Los retratos de aquellos hombres parecen haber superado las barreras del tiempo haciendo de testigos y alent\u00e1ndonos a tomar con carnadura propia esos nobles ideales. Entre ellos se destacan Francisco Narciso de Laprida y Fray Justo Santa Mar\u00eda de Oro, de participaci\u00f3n categ\u00f3rica en las decisiones.<\/p>\n<p>Los Diputados no coincid\u00edan en todo, y reconoc\u00edan tener serias diferencias entre s\u00ed, fruto tambi\u00e9n de los pareceres de aquellos a quienes representaban. No obstante les un\u00eda la b\u00fasqueda del inter\u00e9s superior del futuro de una Naci\u00f3n independiente de cualquier tipo de dominaci\u00f3n. No debemos pasar por alto que los acontecimientos de los cuales estamos haciendo memoria agradecida, se desarrollaron en una casa de familia prestada para que los Congresales pudieran reunirse, debatir, intercambiar ideas y llegar a algunos acuerdos.<\/p>\n<p>All\u00ed mismo, por aclamaci\u00f3n espont\u00e1nea y un\u00e1nime, \u201cinvocando al Eterno que preside el Universo, en nombre y por autoridad de los pueblos que representaban\u201d, declararon \u201csolemnemente a la faz de la tierra investirse del alto car\u00e1cter de una naci\u00f3n libre e independiente\u201d.<\/p>\n<p>Los Congresales convirtieron esta casa de familia en un espacio fecundo, donde se desarroll\u00f3 una aut\u00e9ntica deliberaci\u00f3n parlamentaria. Esto resulta para nosotros un s\u00edmbolo de lo que queremos ser como Naci\u00f3n: una familia.<\/p>\n<p>El Papa Francisco nos ense\u00f1a que en la construcci\u00f3n social y pol\u00edtica \u201cel tiempo es superior al espacio\u201d. Experimentamos una tensi\u00f3n entre la plenitud deseada y el l\u00edmite concreto que topamos. Nos sentimos tironeados entre la coyuntura que reclama respuestas inmediatas, y el horizonte hacia el cual queremos caminar.<\/p>\n<p>Dec\u00eda Don Atahualpa Yupanqui \u201cEs mi destino, piedra y camino, de un sue\u00f1o lejano y bello soy peregrino\u2026\u201d<\/p>\n<p>\u201cLa utop\u00eda nos abre al futuro como causa final que atrae\u201d (EG 222) El deseo nos mueve a la b\u00fasqueda. Los sue\u00f1os nos llevan a la entrega generosa y nos liberan de ser calculadores.<\/p>\n<p>Por eso decimos que la coyuntura es cambiante. El horizonte, en cambio, permanece. En consecuencia, insiste Francisco, es necesario \u201ctrabajar a\u00a0largo plazo sin obsesionarse por resultados inmediatos\u201d, y cuidarnos de la tentaci\u00f3n tan a la mano de \u201cprivilegiar los espacios de poder en lugar de los tiempos de los procesos\u201d<\/p>\n<p>Nada de ansiedad, pero s\u00ed convicciones claras y tenacidad. Sabemos que andando solo se llega m\u00e1s r\u00e1pido, pero con otros se llega m\u00e1s lejos.<\/p>\n<p>Los procesos no siempre producen r\u00e9ditos pol\u00edticos inmediatos, que son tan r\u00e1pidos como ef\u00edmeros y no construyen plenitud humana. Tengamos en cuenta la par\u00e1bola del trigo y la ciza\u00f1a que acabamos de proclamar (Mateo 13, 24-30) Con el tiempo vence la bondad del trigo.<\/p>\n<p>La gesta libertadora del general San Mart\u00edn llev\u00f3 mucho tiempo madurando en su coraz\u00f3n e imaginaci\u00f3n. Pero supo esperar la Declaraci\u00f3n de la Independencia para que su Ej\u00e9rcito tuviera la legitimidad necesaria de actuar en nombre de una Naci\u00f3n soberana.<\/p>\n<p>Pido a Dios nos ayude a construir una Patria de hermanos.<\/p>\n<p><img loading=\"lazy\" decoding=\"async\" class=\"alignnone size-full wp-image-74546\" src=\"https:\/\/vocesparalelas.com.ar\/sitio\/wp-content\/uploads\/2024\/07\/TEDEUM-INDEPENDENCIA.jpg\" alt=\"\" width=\"800\" height=\"537\" srcset=\"https:\/\/vocesparalelas.com.ar\/sitio\/wp-content\/uploads\/2024\/07\/TEDEUM-INDEPENDENCIA.jpg 800w, https:\/\/vocesparalelas.com.ar\/sitio\/wp-content\/uploads\/2024\/07\/TEDEUM-INDEPENDENCIA-300x201.jpg 300w, https:\/\/vocesparalelas.com.ar\/sitio\/wp-content\/uploads\/2024\/07\/TEDEUM-INDEPENDENCIA-768x516.jpg 768w\" sizes=\"auto, (max-width: 800px) 100vw, 800px\" \/><\/p>\n<p>&nbsp;<\/p>\n","protected":false},"excerpt":{"rendered":"<p>Por el Arzobispo de San Juan de Cuyo, Monse\u00f1or Jorge Lozano En la Casa Hist\u00f3rica de Tucum\u00e1n, el 9 de<\/p>\n","protected":false},"author":3,"featured_media":74552,"comment_status":"closed","ping_status":"closed","sticky":false,"template":"","format":"standard","meta":{"_acf_changed":false,"_seopress_robots_primary_cat":"none","_seopress_titles_title":"","_seopress_titles_desc":"","_seopress_robots_index":"","colormag_page_container_layout":"default_layout","colormag_page_sidebar_layout":"default_layout","footnotes":""},"categories":[10],"tags":[],"class_list":["post-74549","post","type-post","status-publish","format-standard","has-post-thumbnail","hentry","category-opiniones"],"acf":[],"_links":{"self":[{"href":"https:\/\/vocesparalelas.com.ar\/sitio\/wp-json\/wp\/v2\/posts\/74549","targetHints":{"allow":["GET"]}}],"collection":[{"href":"https:\/\/vocesparalelas.com.ar\/sitio\/wp-json\/wp\/v2\/posts"}],"about":[{"href":"https:\/\/vocesparalelas.com.ar\/sitio\/wp-json\/wp\/v2\/types\/post"}],"author":[{"embeddable":true,"href":"https:\/\/vocesparalelas.com.ar\/sitio\/wp-json\/wp\/v2\/users\/3"}],"replies":[{"embeddable":true,"href":"https:\/\/vocesparalelas.com.ar\/sitio\/wp-json\/wp\/v2\/comments?post=74549"}],"version-history":[{"count":1,"href":"https:\/\/vocesparalelas.com.ar\/sitio\/wp-json\/wp\/v2\/posts\/74549\/revisions"}],"predecessor-version":[{"id":74553,"href":"https:\/\/vocesparalelas.com.ar\/sitio\/wp-json\/wp\/v2\/posts\/74549\/revisions\/74553"}],"wp:featuredmedia":[{"embeddable":true,"href":"https:\/\/vocesparalelas.com.ar\/sitio\/wp-json\/wp\/v2\/media\/74552"}],"wp:attachment":[{"href":"https:\/\/vocesparalelas.com.ar\/sitio\/wp-json\/wp\/v2\/media?parent=74549"}],"wp:term":[{"taxonomy":"category","embeddable":true,"href":"https:\/\/vocesparalelas.com.ar\/sitio\/wp-json\/wp\/v2\/categories?post=74549"},{"taxonomy":"post_tag","embeddable":true,"href":"https:\/\/vocesparalelas.com.ar\/sitio\/wp-json\/wp\/v2\/tags?post=74549"}],"curies":[{"name":"wp","href":"https:\/\/api.w.org\/{rel}","templated":true}]}}