{"id":74543,"date":"2024-07-09T20:04:04","date_gmt":"2024-07-09T23:04:04","guid":{"rendered":"https:\/\/vocesparalelas.com.ar\/sitio\/?p=74543"},"modified":"2024-07-10T01:10:02","modified_gmt":"2024-07-10T04:10:02","slug":"208-anos-de-la-independencia-de-argentina-con-un-desfile-civico-militar-en-san-juan","status":"publish","type":"post","link":"https:\/\/vocesparalelas.com.ar\/sitio\/208-anos-de-la-independencia-de-argentina-con-un-desfile-civico-militar-en-san-juan\/","title":{"rendered":"208 a\u00f1os de la Independencia de Argentina con un desfile c\u00edvico militar en San Juan"},"content":{"rendered":"<p>El Martes, 9 de Julio, San Juan renov\u00f3 sus votos al cumplirse 208 a\u00f1os de la Independencia de Argentina con un desfile c\u00edvico militar, donde la celeste y blanca se luci\u00f3.<\/p>\n<p>Es importante recordar que en la Historia de la Rep\u00fablica Argentina, el 9 de Julio de 1816, reunidos los representantes en el Congreso de Tucum\u00e1n declar\u00f3 la formal ruptura de los v\u00ednculos de dependencia pol\u00edtica de las Provincias Unidas del R\u00edo de la Plata con la monarqu\u00eda espa\u00f1ola, declarando la Independencia Nacional.<\/p>\n<p>En este contexto el Gobierno de San Juan conmemor\u00f3 la fecha con una serie de actos que comentaron en la Plaza 25 se Mayo para continuar en la Catedral y continuar con el desfile patrio por Avenida Ignacio de la Roza.<\/p>\n<p>Las actividades fueron presididas por el vicegobernador a cargo del Poder Ejecutivo, Dr. Fabi\u00e1n Mart\u00edn acompa\u00f1ado por integrantes del Gabinete provincial y dem\u00e1s funcionarios.<\/p>\n<p>El jefe de Tropas de la \u201cAgrupaci\u00f3n 9 de Julio\u201d present\u00f3 al jefe del Regimiento de Infanter\u00eda de Monta\u00f1a 22 \u201cTte. Cnl. Juan Manuel Cabot\u201d, Teniente Coronel de Infanter\u00eda Rub\u00e9n Gast\u00f3n Patera, al vicegobernador Fabi\u00e1n Mart\u00edn que realiz\u00f3 la revista de tropas y saludo protocolar.<\/p>\n<p>Posteriormente se realiz\u00f3 un homenaje al Diputado por San Juan en el Congreso de Tucum\u00e1n de 1816,\u00a0 Fray Justo Santa Mar\u00eda de Oro, ante el monumento en su memoria en la Plaza 25 de Mayo.<\/p>\n<p>Seguidamente, las autoridades se trasladaron a la Iglesia Catedral, se ofici\u00f3 el solemne Tedeum por el Arzobispo de San Juan de Cuyo, Monse\u00f1or Jorge Eduardo Lozano, acompa\u00f1ado por el Coro Universitario de San Juan.<\/p>\n<p>A continuaci\u00f3n se desarroll\u00f3 desfile c\u00edvico militar<\/p>\n<p>del que participaron escuelas de Capital, as\u00ed como abanderados de formaciones de escuelas para adultos. El p\u00fablico observ\u00f3 con emoci\u00f3n el paso de cada grupo.<\/p>\n<p>Tambi\u00e9n participaron excombatientes de Malvinas, el Ej\u00e9rcito, la Gendarmer\u00eda, la Polic\u00eda Federal, la Polic\u00eda de San Juan, el Servicio Penitenciario y la Federaci\u00f3n Gaucha<\/p>\n<p>https:\/\/youtu.be\/B_KjySentYc?feature=shared<\/p>\n<p>&nbsp;<\/p>\n<p>&nbsp;<\/p>\n","protected":false},"excerpt":{"rendered":"<p>El Martes, 9 de Julio, San Juan renov\u00f3 sus votos al cumplirse 208 a\u00f1os de la Independencia de Argentina con<\/p>\n","protected":false},"author":3,"featured_media":74547,"comment_status":"closed","ping_status":"closed","sticky":false,"template":"","format":"standard","meta":{"_acf_changed":false,"_seopress_robots_primary_cat":"none","_seopress_titles_title":"","_seopress_titles_desc":"","_seopress_robots_index":"","colormag_page_container_layout":"default_layout","colormag_page_sidebar_layout":"default_layout","footnotes":""},"categories":[1,7],"tags":[],"class_list":["post-74543","post","type-post","status-publish","format-standard","has-post-thumbnail","hentry","category-destacadas","category-videos"],"acf":[],"_links":{"self":[{"href":"https:\/\/vocesparalelas.com.ar\/sitio\/wp-json\/wp\/v2\/posts\/74543","targetHints":{"allow":["GET"]}}],"collection":[{"href":"https:\/\/vocesparalelas.com.ar\/sitio\/wp-json\/wp\/v2\/posts"}],"about":[{"href":"https:\/\/vocesparalelas.com.ar\/sitio\/wp-json\/wp\/v2\/types\/post"}],"author":[{"embeddable":true,"href":"https:\/\/vocesparalelas.com.ar\/sitio\/wp-json\/wp\/v2\/users\/3"}],"replies":[{"embeddable":true,"href":"https:\/\/vocesparalelas.com.ar\/sitio\/wp-json\/wp\/v2\/comments?post=74543"}],"version-history":[{"count":2,"href":"https:\/\/vocesparalelas.com.ar\/sitio\/wp-json\/wp\/v2\/posts\/74543\/revisions"}],"predecessor-version":[{"id":74558,"href":"https:\/\/vocesparalelas.com.ar\/sitio\/wp-json\/wp\/v2\/posts\/74543\/revisions\/74558"}],"wp:featuredmedia":[{"embeddable":true,"href":"https:\/\/vocesparalelas.com.ar\/sitio\/wp-json\/wp\/v2\/media\/74547"}],"wp:attachment":[{"href":"https:\/\/vocesparalelas.com.ar\/sitio\/wp-json\/wp\/v2\/media?parent=74543"}],"wp:term":[{"taxonomy":"category","embeddable":true,"href":"https:\/\/vocesparalelas.com.ar\/sitio\/wp-json\/wp\/v2\/categories?post=74543"},{"taxonomy":"post_tag","embeddable":true,"href":"https:\/\/vocesparalelas.com.ar\/sitio\/wp-json\/wp\/v2\/tags?post=74543"}],"curies":[{"name":"wp","href":"https:\/\/api.w.org\/{rel}","templated":true}]}}