{"id":74520,"date":"2024-07-08T23:09:25","date_gmt":"2024-07-09T02:09:25","guid":{"rendered":"https:\/\/vocesparalelas.com.ar\/sitio\/?p=74520"},"modified":"2024-07-12T20:58:29","modified_gmt":"2024-07-12T23:58:29","slug":"se-conformo-campretur-y-me-quedo-en-rivadavia","status":"publish","type":"post","link":"https:\/\/vocesparalelas.com.ar\/sitio\/se-conformo-campretur-y-me-quedo-en-rivadavia\/","title":{"rendered":"Se conform\u00f3 CamPreTur y \u00abMe quedo en Rivadavia\u00bb"},"content":{"rendered":"<p>La Municipalidad de la Ciudad de Rivadavia fue parte del armado y presentaci\u00f3n en sociedad de la CamPreTur, en conjunto con empresarios de diferentes rubros del departamento.<\/p>\n<p>La presentaci\u00f3n estuvo a cargo del Intendente Sergio Miodowsky junto a su equipo y los prestadores hoteleros, gastron\u00f3micos y de servicios, quienes componen la comisi\u00f3n directiva de la nueva entidad privada.<\/p>\n<p>Inici\u00f3 la presentaci\u00f3n la Presidente CamPreTur, Ana L\u00eda Mingorance, quien describi\u00f3 lo significa conformar la comisi\u00f3n directiva de la instituci\u00f3n porque es reforzar y fortalecer el turismo en el Departamento Rivadavia.<\/p>\n<p><iframe loading=\"lazy\" title=\"RIVADAVIA CamPreTur ANA LIA MINGORANCE\" width=\"800\" height=\"450\" src=\"https:\/\/www.youtube.com\/embed\/ixVB9cWIMBE?feature=oembed\" frameborder=\"0\" allow=\"accelerometer; autoplay; clipboard-write; encrypted-media; gyroscope; picture-in-picture; web-share\" referrerpolicy=\"strict-origin-when-cross-origin\" allowfullscreen><\/iframe><\/p>\n<p>Luego, el nexo entre la Municipalidad y CamPreTur, remarc\u00f3 el trabajo que se viene realizando para apuntar el turismo con una organizaci\u00f3n m\u00e1s eficiente.<\/p>\n<p><iframe loading=\"lazy\" title=\"RIVADAVIA\" width=\"800\" height=\"450\" src=\"https:\/\/www.youtube.com\/embed\/KAANiD2jhtE?feature=oembed\" frameborder=\"0\" allow=\"accelerometer; autoplay; clipboard-write; encrypted-media; gyroscope; picture-in-picture; web-share\" referrerpolicy=\"strict-origin-when-cross-origin\" allowfullscreen><\/iframe><\/p>\n<p>&nbsp;<\/p>\n<p>Seguidamente, el Director de Turismo, Cultura y Deporte Municipal, Fernando Rezinovski, remarc\u00f3 que la conformaci\u00f3n de CamPreTur, significa organizar las propuestas de turismo que existen y lo que se viene para Rivadavia.<\/p>\n<p>&nbsp;<\/p>\n<p><iframe loading=\"lazy\" title=\"RIVADAVIA FERNANDO REZINOVSKI\" width=\"800\" height=\"450\" src=\"https:\/\/www.youtube.com\/embed\/7Nq2qlLekAw?feature=oembed\" frameborder=\"0\" allow=\"accelerometer; autoplay; clipboard-write; encrypted-media; gyroscope; picture-in-picture; web-share\" referrerpolicy=\"strict-origin-when-cross-origin\" allowfullscreen><\/iframe><\/p>\n<p>&nbsp;<\/p>\n<p>Finalmente, el Intendente de la Municipalidad de la Ciudad de Rivadavia, Sergio Miodowsky, sintetiz\u00f3 que \u00abSan Juan es considerado un destino tur\u00edstico emergente con cerca de 950 mil personas que nos visitan por a\u00f1o. Esto habla a las claras de la importancia que tiene brindar alternativas, brindar servicios y trabajar mancomunadamente articulando lo p\u00fablico con lo privado en beneficio de la comunidad\u201d.<\/p>\n<p><iframe loading=\"lazy\" title=\"RIVADAVIA INTENDENTE SERGIO MIODOWSKY\" width=\"800\" height=\"450\" src=\"https:\/\/www.youtube.com\/embed\/oGVcfHG7u7Q?feature=oembed\" frameborder=\"0\" allow=\"accelerometer; autoplay; clipboard-write; encrypted-media; gyroscope; picture-in-picture; web-share\" referrerpolicy=\"strict-origin-when-cross-origin\" allowfullscreen><\/iframe><\/p>\n<p>&nbsp;<\/p>\n<p><strong><span style=\"color: #ff6600;\">Autoridades de la C\u00e1mara de Prestadores Tur\u00edsticos de Rivadavia<\/span><\/strong><\/p>\n<p>&nbsp;<\/p>\n<p><img loading=\"lazy\" decoding=\"async\" class=\"alignnone size-full wp-image-74523\" src=\"https:\/\/vocesparalelas.com.ar\/sitio\/wp-content\/uploads\/2024\/07\/RIVADAVIA-COMISION-TURISTAS-01.jpg\" alt=\"\" width=\"800\" height=\"533\" srcset=\"https:\/\/vocesparalelas.com.ar\/sitio\/wp-content\/uploads\/2024\/07\/RIVADAVIA-COMISION-TURISTAS-01.jpg 800w, https:\/\/vocesparalelas.com.ar\/sitio\/wp-content\/uploads\/2024\/07\/RIVADAVIA-COMISION-TURISTAS-01-300x200.jpg 300w, https:\/\/vocesparalelas.com.ar\/sitio\/wp-content\/uploads\/2024\/07\/RIVADAVIA-COMISION-TURISTAS-01-768x512.jpg 768w\" sizes=\"auto, (max-width: 800px) 100vw, 800px\" \/><\/p>\n<ul>\n<li>Presidente: Ana L\u00eda Mingorance<\/li>\n<li>Secretario: Mar\u00eda Silvina Surbano Bord\u00f3n<\/li>\n<li>Tesorero: Luis Fernando Tanoni<\/li>\n<li>Primer Vocal: Edgardo Jos\u00e9 Olivares<\/li>\n<li>Segundo Vocal: Juan Mauricio Benegas<\/li>\n<li>Tercer Vocal: Flavia Carina Cortez<\/li>\n<li>Cuarto Vocal: Iv\u00e1n Dar\u00edo Arias<\/li>\n<li>Comisi\u00f3n Revisora de Cuentas:<\/li>\n<\/ul>\n<ol>\n<li>Revisor Titular N\u00b01: Ricardo Alfredo Mu\u00f1oz<\/li>\n<li>Revisor Titular N\u00b02: Roque Alejandro R\u00edos<\/li>\n<li>Revisor Suplente: Maximiliano Daniel Montoya<\/li>\n<\/ol>\n<p>&nbsp;<\/p>\n<p><img loading=\"lazy\" decoding=\"async\" class=\"alignnone size-full wp-image-74524\" src=\"https:\/\/vocesparalelas.com.ar\/sitio\/wp-content\/uploads\/2024\/07\/RIVADAVIA-COMISION-TURISTAS-02.jpg\" alt=\"\" width=\"800\" height=\"533\" srcset=\"https:\/\/vocesparalelas.com.ar\/sitio\/wp-content\/uploads\/2024\/07\/RIVADAVIA-COMISION-TURISTAS-02.jpg 800w, https:\/\/vocesparalelas.com.ar\/sitio\/wp-content\/uploads\/2024\/07\/RIVADAVIA-COMISION-TURISTAS-02-300x200.jpg 300w, https:\/\/vocesparalelas.com.ar\/sitio\/wp-content\/uploads\/2024\/07\/RIVADAVIA-COMISION-TURISTAS-02-768x512.jpg 768w\" sizes=\"auto, (max-width: 800px) 100vw, 800px\" \/><\/p>\n<p>En la cita, se mencionaron adem\u00e1s dos iniciativas que comienzan a operar en el departamento y que fueron creadas como herramientas productivas, bajo el programa \u201cMe Quedo en Rivadavia\u201d<\/p>\n<ul>\n<li>C\u00f3digo QR: adhesivo de respuesta r\u00e1pida digital de datos, que se coloca en las estaciones de servicio, supermercados y dem\u00e1s centros de gran concurrencia, con el fin de obtener toda la informaci\u00f3n tur\u00edstica departamental al instante y al alcance del tel\u00e9fono celular.<\/li>\n<li>Tarjeta Tur\u00edstica: tarjeta f\u00edsica de beneficios que se repartir\u00e1 a trav\u00e9s de los socios de la c\u00e1mara y a sus clientes para obtener descuentos en rubros como hoteler\u00eda, gastronom\u00eda y servicios a trav\u00e9s de un convenio con los prestadores departamentales.<\/li>\n<\/ul>\n<p>La nueva c\u00e1mara, con cerca de 30 empresarios de diferentes actividades, funcionar\u00e1 como un ente articulador entre el sector p\u00fablico y el sector privado para lograr objetivos en com\u00fan de cara al calendario anual de fines de semana largos y el turismo de eventos.<\/p>\n<p><iframe loading=\"lazy\" title=\"ME QUEDO EN RIVADAVIA\" width=\"800\" height=\"450\" src=\"https:\/\/www.youtube.com\/embed\/yqR67FASjHg?feature=oembed\" frameborder=\"0\" allow=\"accelerometer; autoplay; clipboard-write; encrypted-media; gyroscope; picture-in-picture; web-share\" referrerpolicy=\"strict-origin-when-cross-origin\" allowfullscreen><\/iframe><\/p>\n<p>&nbsp;<\/p>\n<p><img loading=\"lazy\" decoding=\"async\" class=\"alignnone size-full wp-image-74527\" src=\"https:\/\/vocesparalelas.com.ar\/sitio\/wp-content\/uploads\/2024\/07\/RIVADAVIA-COMISION-TURISTAS-05.jpg\" alt=\"\" width=\"800\" height=\"600\" srcset=\"https:\/\/vocesparalelas.com.ar\/sitio\/wp-content\/uploads\/2024\/07\/RIVADAVIA-COMISION-TURISTAS-05.jpg 800w, https:\/\/vocesparalelas.com.ar\/sitio\/wp-content\/uploads\/2024\/07\/RIVADAVIA-COMISION-TURISTAS-05-300x225.jpg 300w, https:\/\/vocesparalelas.com.ar\/sitio\/wp-content\/uploads\/2024\/07\/RIVADAVIA-COMISION-TURISTAS-05-768x576.jpg 768w\" sizes=\"auto, (max-width: 800px) 100vw, 800px\" \/><\/p>\n","protected":false},"excerpt":{"rendered":"<p>La Municipalidad de la Ciudad de Rivadavia fue parte del armado y presentaci\u00f3n en sociedad de la CamPreTur, en conjunto<\/p>\n","protected":false},"author":3,"featured_media":74526,"comment_status":"closed","ping_status":"closed","sticky":false,"template":"","format":"standard","meta":{"_acf_changed":false,"_seopress_robots_primary_cat":"none","_seopress_titles_title":"","_seopress_titles_desc":"","_seopress_robots_index":"","colormag_page_container_layout":"default_layout","colormag_page_sidebar_layout":"default_layout","footnotes":""},"categories":[2,7],"tags":[],"class_list":["post-74520","post","type-post","status-publish","format-standard","has-post-thumbnail","hentry","category-convocatorias","category-videos"],"acf":[],"_links":{"self":[{"href":"https:\/\/vocesparalelas.com.ar\/sitio\/wp-json\/wp\/v2\/posts\/74520","targetHints":{"allow":["GET"]}}],"collection":[{"href":"https:\/\/vocesparalelas.com.ar\/sitio\/wp-json\/wp\/v2\/posts"}],"about":[{"href":"https:\/\/vocesparalelas.com.ar\/sitio\/wp-json\/wp\/v2\/types\/post"}],"author":[{"embeddable":true,"href":"https:\/\/vocesparalelas.com.ar\/sitio\/wp-json\/wp\/v2\/users\/3"}],"replies":[{"embeddable":true,"href":"https:\/\/vocesparalelas.com.ar\/sitio\/wp-json\/wp\/v2\/comments?post=74520"}],"version-history":[{"count":2,"href":"https:\/\/vocesparalelas.com.ar\/sitio\/wp-json\/wp\/v2\/posts\/74520\/revisions"}],"predecessor-version":[{"id":74529,"href":"https:\/\/vocesparalelas.com.ar\/sitio\/wp-json\/wp\/v2\/posts\/74520\/revisions\/74529"}],"wp:featuredmedia":[{"embeddable":true,"href":"https:\/\/vocesparalelas.com.ar\/sitio\/wp-json\/wp\/v2\/media\/74526"}],"wp:attachment":[{"href":"https:\/\/vocesparalelas.com.ar\/sitio\/wp-json\/wp\/v2\/media?parent=74520"}],"wp:term":[{"taxonomy":"category","embeddable":true,"href":"https:\/\/vocesparalelas.com.ar\/sitio\/wp-json\/wp\/v2\/categories?post=74520"},{"taxonomy":"post_tag","embeddable":true,"href":"https:\/\/vocesparalelas.com.ar\/sitio\/wp-json\/wp\/v2\/tags?post=74520"}],"curies":[{"name":"wp","href":"https:\/\/api.w.org\/{rel}","templated":true}]}}