{"id":74499,"date":"2024-07-08T19:58:06","date_gmt":"2024-07-08T22:58:06","guid":{"rendered":"https:\/\/vocesparalelas.com.ar\/sitio\/?p=74499"},"modified":"2024-07-08T19:58:06","modified_gmt":"2024-07-08T22:58:06","slug":"honraron-a-los-diputados-por-san-juan-al-congreso-de-tucuman-de-1816-dr-francisco-de-laprida-y-fray-justo-santa-maria-de-oro","status":"publish","type":"post","link":"https:\/\/vocesparalelas.com.ar\/sitio\/honraron-a-los-diputados-por-san-juan-al-congreso-de-tucuman-de-1816-dr-francisco-de-laprida-y-fray-justo-santa-maria-de-oro\/","title":{"rendered":"Honraron a los Diputados por San Juan al Congreso de Tucum\u00e1n de 1816, Dr. Francisco de Laprida y  Fray Justo Santa Mar\u00eda de Oro"},"content":{"rendered":"<p>&nbsp;<\/p>\n<p>&nbsp;<\/p>\n<p>El Lunes, 8 de Julio, en la Plaza Laprida, el Gobierno de San Juan, honr\u00f3 la memoria al Diputado por San Juan al Congreso de Tucum\u00e1n de 1816, Dr. Francisco Narciso de Laprida, con una gran participaci\u00f3n en el proceso de Declaraci\u00f3n de la Independencia Argentina.<\/p>\n<p>El acto cont\u00f3 con la presencia de la intendente de la Ciudad de San Juan, Dra. Susana Laciar; los ministros de Educaci\u00f3n, Lic. Silvia Fuentes; de Gobierno, Dra. Laura Palma; secretario de Estado de Seguridad y Orden P\u00fablico, Dr. Gustavo S\u00e1nchez; diputados Provinciales; presidente del concejo deliberante de la Ciudad, Ing. Elio Vargas; C\u00e1mara de Diputados, Daniel Ripoll, Gustavo N\u00fa\u00f1ez, Mario Herrero y Quiroga Moyano; polic\u00edas Federal y de San Juan; Veteranos de Guerra de Malvinas; director del Servicio Penitenciario, Enrique Delgado; secretaria de Educaci\u00f3n, Lic. Vanesa Lueje; cuerpo de bandera de escuelas y dem\u00e1s autoridades.<\/p>\n<p>En el comienzo de la ceremonia, se entonaron las estrofas del Himno Nacional Argentino, interpretadas por la Divisi\u00f3n Banda de M\u00fasica de la Polic\u00eda de San Juan.<\/p>\n<p>Posteriormente, las ministras de Educaci\u00f3n y de Gobierno y el secretario de Seguridad y Orden P\u00fablico colocaron ofrendas de laureles en la estatua del pr\u00f3cer.<\/p>\n<p>A continuaci\u00f3n, se escuch\u00f3 la palabra de la Ministra de Educaci\u00f3n, Lic. Silvia Fuentes, para destacar valores como el respeto a la Patria y la lucha de los patriotas para alcanzar la Independencia Argentina. \u201cCada uno de nosotros tiene un papel fundamental en la construcci\u00f3n de la provincia. Debemos valorar la importancia de Francisco Laprida y de Fray Justo Santa Mar\u00eda de Oro en el Congreso de Tucum\u00e1n. Desde San Juan rendimos hoy un sentido homenaje\u201d.<\/p>\n<p>Para cerrar y luego de realizar una amplia rese\u00f1a hist\u00f3rica, la funcionaria agreg\u00f3 que \u201cla Declaraci\u00f3n de la Independencia fue celebrada en el San Juan colonial, que fue protagonista y part\u00edcipe de esta historia. A estos pr\u00f3ceres, les debemos un pedacito de nuestra identidad como naci\u00f3n y es nuestra obligaci\u00f3n reconocer y enaltecer su obra cada d\u00eda. Hoy invito a renovar su compromiso con estos valores: el amor a la Patria, el respeto por nuestra historia y la determinaci\u00f3n de construir un futuro mejor para el pa\u00eds y la provincia\u201d.<\/p>\n<p>Posteriormente, la intendente de la Ciudad de San Juan, Dra. Susana Laciar se refiri\u00f3 a los representantes provinciales ante el Congreso de Tucum\u00e1n y puso en valor \u201cel enorme esfuerzo y la pasi\u00f3n y el objetivo com\u00fan por lograr la independencia de la patria. Orgullosamente, Laprida presidi\u00f3 el congreso; fueron los precursores de la independencia nacional\u201d.<\/p>\n<p>Para concluir, la intendenta reflej\u00f3 los valores de compromiso, comunidad, patriotismo y educaci\u00f3n para el desarrollo de la provincia.<\/p>\n<p>https:\/\/youtu.be\/z_KE9dbQoOY?feature=shared<\/p>\n<p>Francisco Narciso de Laprida fue un abogado y pol\u00edtico argentino. Diputado por San Juan al Congreso de Tucum\u00e1n, presidi\u00f3 el mismo cuando se declar\u00f3 la independencia del pa\u00eds el 9 de julio de 1816.<br \/>\nLaprida naci\u00f3 el 28 de octubre de 1786, en nuestra provincia; hijo de Jos\u00e9 Ventura Laprida, comerciante espa\u00f1ol que lleg\u00f3 de Asturias a estas tierras y de Mar\u00eda Ignacia S\u00e1nchez de Loria, sanjuanina y proveniente de una familia tradicional.<\/p>\n<p><img loading=\"lazy\" decoding=\"async\" class=\"alignnone size-full wp-image-61034\" src=\"https:\/\/vocesparalelas.com.ar\/sitio\/wp-content\/uploads\/2023\/07\/LAPRIDA-ESTATUA-01.jpg\" alt=\"\" width=\"800\" height=\"473\" srcset=\"https:\/\/vocesparalelas.com.ar\/sitio\/wp-content\/uploads\/2023\/07\/LAPRIDA-ESTATUA-01.jpg 800w, https:\/\/vocesparalelas.com.ar\/sitio\/wp-content\/uploads\/2023\/07\/LAPRIDA-ESTATUA-01-300x177.jpg 300w, https:\/\/vocesparalelas.com.ar\/sitio\/wp-content\/uploads\/2023\/07\/LAPRIDA-ESTATUA-01-768x454.jpg 768w\" sizes=\"auto, (max-width: 800px) 100vw, 800px\" \/><\/p>\n<p>Colabor\u00f3 con el gobierno del doctor Jos\u00e9 Ignacio de la Roza y en la formaci\u00f3n del Ej\u00e9rcito de Los Andes. En septiembre de 1815 fue electo diputado por San Juan ante el Congreso de Tucum\u00e1n. Presid\u00eda la Asamblea desde el 1 de julio y estaba en ese cargo cuando el 9 de julio de 1816 se jur\u00f3 el acta de Independencia.<\/p>\n<p>De regreso a San Juan, en septiembre de 1818 reemplaz\u00f3 al doctor Ignacio de la Roza en la gobernaci\u00f3n provincial. Cuando Mendiz\u00e1bal tom\u00f3 el poder, fue prisionero y luego huy\u00f3 a Chile, de donde regres\u00f3 en 1822.<\/p>\n<p>De ideas unitarias, fue perseguido por las fuerzas federales. En un ataque sorpresivo de los seguidores de Jos\u00e9 F\u00e9lix Aldao, fue asesinado en Mendoza el 22 de septiembre de 1829. Se desconoce el lugar donde descansan sus restos.<\/p>\n<p>El otro representante sanjuanino ante el Congreso, Fray Justo Santa Mar\u00eda de Oro y Albarrac\u00edn, naci\u00f3 en San Juan el 30 de julio de 1772 y falleci\u00f3 el 19 de octubre de 1836. A los 17 a\u00f1os ingres\u00f3 en la Orden de los Dominicos en Chile, de donde regres\u00f3 a su provincia en 1814, expulsado por el general Jos\u00e9 Miguel Carrera. Fue electo, junto con Laprida, diputado al Congreso de Tucum\u00e1n. Se lo record\u00f3 como un f\u00e9rreo defensor de la forma republicana de gobierno por su frase \u00abHay que consultar a los pueblos\u00bb. Los argumentos de Oro en Tucum\u00e1n echaron por tierra el proyecto mon\u00e1rquico, y fue quien logr\u00f3 doblar el juicio de sus colegas.<\/p>\n<p>Por otra parte, fue Laprida quien tuvo el alto honor de preguntar a los asamble\u00edstas: \u201c\u00a1Querr\u00e9is que las provincias de la uni\u00f3n sean una naci\u00f3n libre e independiente de los reyes de Espa\u00f1a y su metr\u00f3poli?\u201d.<\/p>\n<p>Tras la respuesta afirmativa se labr\u00f3 el Acta de la Emancipaci\u00f3n. En las reuniones en las que se debat\u00eda si elegir la forma mon\u00e1rquica o republicada de gobierno, luch\u00f3 para que esta decisi\u00f3n fuera tomada luego de consultar a los pueblos.<\/p>\n<p>Durante 1818, el Papa Le\u00f3n XII lo nombr\u00f3 Vicario Apost\u00f3lico de Cuyo y en 1834 fue designado Obispo de Cuyo.<br \/>\nMuri\u00f3 en San Juan el 19 de octubre de 1836. Sus restos se encuentran en la cripta de la Iglesia Catedral de San Juan.<br \/>\nOro y Laprida no vieron el final del Congreso, disuelto despu\u00e9s de la batalla de Cepeda (1 de febrero de 1.820) pues a comienzos de 1.817 regresaron a San Juan.<\/p>\n<figure id=\"attachment_50657\" aria-describedby=\"caption-attachment-50657\" style=\"width: 800px\" class=\"wp-caption alignnone\"><img loading=\"lazy\" decoding=\"async\" class=\"size-full wp-image-50657\" src=\"https:\/\/vocesparalelas.com.ar\/sitio\/wp-content\/uploads\/2022\/07\/CASA-DE-TUCUMAN.jpg\" alt=\"\" width=\"800\" height=\"524\" srcset=\"https:\/\/vocesparalelas.com.ar\/sitio\/wp-content\/uploads\/2022\/07\/CASA-DE-TUCUMAN.jpg 800w, https:\/\/vocesparalelas.com.ar\/sitio\/wp-content\/uploads\/2022\/07\/CASA-DE-TUCUMAN-300x197.jpg 300w, https:\/\/vocesparalelas.com.ar\/sitio\/wp-content\/uploads\/2022\/07\/CASA-DE-TUCUMAN-768x503.jpg 768w\" sizes=\"auto, (max-width: 800px) 100vw, 800px\" \/><figcaption id=\"caption-attachment-50657\" class=\"wp-caption-text\">La casa de Tucum\u00e1n, cuna de la gesta de la independencia de Argentina<\/figcaption><\/figure>\n<p>&nbsp;<\/p>\n<p>&nbsp;<\/p>\n","protected":false},"excerpt":{"rendered":"<p>&nbsp; &nbsp; El Lunes, 8 de Julio, en la Plaza Laprida, el Gobierno de San Juan, honr\u00f3 la memoria al<\/p>\n","protected":false},"author":3,"featured_media":74502,"comment_status":"closed","ping_status":"closed","sticky":false,"template":"","format":"standard","meta":{"_acf_changed":false,"_seopress_robots_primary_cat":"none","_seopress_titles_title":"","_seopress_titles_desc":"","_seopress_robots_index":"","colormag_page_container_layout":"default_layout","colormag_page_sidebar_layout":"default_layout","footnotes":""},"categories":[1,7],"tags":[],"class_list":["post-74499","post","type-post","status-publish","format-standard","has-post-thumbnail","hentry","category-destacadas","category-videos"],"acf":[],"_links":{"self":[{"href":"https:\/\/vocesparalelas.com.ar\/sitio\/wp-json\/wp\/v2\/posts\/74499","targetHints":{"allow":["GET"]}}],"collection":[{"href":"https:\/\/vocesparalelas.com.ar\/sitio\/wp-json\/wp\/v2\/posts"}],"about":[{"href":"https:\/\/vocesparalelas.com.ar\/sitio\/wp-json\/wp\/v2\/types\/post"}],"author":[{"embeddable":true,"href":"https:\/\/vocesparalelas.com.ar\/sitio\/wp-json\/wp\/v2\/users\/3"}],"replies":[{"embeddable":true,"href":"https:\/\/vocesparalelas.com.ar\/sitio\/wp-json\/wp\/v2\/comments?post=74499"}],"version-history":[{"count":1,"href":"https:\/\/vocesparalelas.com.ar\/sitio\/wp-json\/wp\/v2\/posts\/74499\/revisions"}],"predecessor-version":[{"id":74503,"href":"https:\/\/vocesparalelas.com.ar\/sitio\/wp-json\/wp\/v2\/posts\/74499\/revisions\/74503"}],"wp:featuredmedia":[{"embeddable":true,"href":"https:\/\/vocesparalelas.com.ar\/sitio\/wp-json\/wp\/v2\/media\/74502"}],"wp:attachment":[{"href":"https:\/\/vocesparalelas.com.ar\/sitio\/wp-json\/wp\/v2\/media?parent=74499"}],"wp:term":[{"taxonomy":"category","embeddable":true,"href":"https:\/\/vocesparalelas.com.ar\/sitio\/wp-json\/wp\/v2\/categories?post=74499"},{"taxonomy":"post_tag","embeddable":true,"href":"https:\/\/vocesparalelas.com.ar\/sitio\/wp-json\/wp\/v2\/tags?post=74499"}],"curies":[{"name":"wp","href":"https:\/\/api.w.org\/{rel}","templated":true}]}}