{"id":74491,"date":"2024-07-08T12:30:06","date_gmt":"2024-07-08T15:30:06","guid":{"rendered":"https:\/\/vocesparalelas.com.ar\/sitio\/?p=74491"},"modified":"2024-07-08T12:30:06","modified_gmt":"2024-07-08T15:30:06","slug":"hacia-la-firma-del-pacto-de-mayo-en-la-provincia-de-tucuman","status":"publish","type":"post","link":"https:\/\/vocesparalelas.com.ar\/sitio\/hacia-la-firma-del-pacto-de-mayo-en-la-provincia-de-tucuman\/","title":{"rendered":"Hacia la firma del Pacto de Mayo en la Provincia de Tucum\u00e1n"},"content":{"rendered":"<p>El Lunes, 8 de Julio, el gobernador de San Juan, Dr. Marcelo Orrego emprendi\u00f3 su viaje a la Provincia de Tucum\u00e1n, en vuelo comercial, con llegada en horas de la tarde.<\/p>\n<p>Cabe destacar que a su llegada mantiene una reuni\u00f3n con los gobernadores de Juntos por el Cambio. Posteriormente sobre las 23 hs. participa de la firma del Pacto de Mayo, presidido por el presidente de la Rep\u00fablica Argentina, Economista Javier Milei.<\/p>\n<p>La oportunidad serve para que el mandatario de San Juan ponga en valor la participaci\u00f3n clave e hist\u00f3rica de los dos diputados de San Juan de 1816, Fray Justo Santa Mar\u00eda de Oro y Francisco Narciso Laprida, en el proceso de Independencia de la Rep\u00fablica Argentina.<\/p>\n<figure id=\"attachment_50657\" aria-describedby=\"caption-attachment-50657\" style=\"width: 800px\" class=\"wp-caption alignnone\"><img loading=\"lazy\" decoding=\"async\" class=\"size-full wp-image-50657\" src=\"https:\/\/vocesparalelas.com.ar\/sitio\/wp-content\/uploads\/2022\/07\/CASA-DE-TUCUMAN.jpg\" alt=\"\" width=\"800\" height=\"524\" srcset=\"https:\/\/vocesparalelas.com.ar\/sitio\/wp-content\/uploads\/2022\/07\/CASA-DE-TUCUMAN.jpg 800w, https:\/\/vocesparalelas.com.ar\/sitio\/wp-content\/uploads\/2022\/07\/CASA-DE-TUCUMAN-300x197.jpg 300w, https:\/\/vocesparalelas.com.ar\/sitio\/wp-content\/uploads\/2022\/07\/CASA-DE-TUCUMAN-768x503.jpg 768w\" sizes=\"auto, (max-width: 800px) 100vw, 800px\" \/><figcaption id=\"caption-attachment-50657\" class=\"wp-caption-text\">La casa de Tucum\u00e1n, cuna de la gesta de la independencia de Argentina<\/figcaption><\/figure>\n","protected":false},"excerpt":{"rendered":"<p>El Lunes, 8 de Julio, el gobernador de San Juan, Dr. Marcelo Orrego emprendi\u00f3 su viaje a la Provincia de<\/p>\n","protected":false},"author":3,"featured_media":66841,"comment_status":"closed","ping_status":"closed","sticky":false,"template":"","format":"standard","meta":{"_acf_changed":false,"_seopress_robots_primary_cat":"none","_seopress_titles_title":"","_seopress_titles_desc":"","_seopress_robots_index":"","colormag_page_container_layout":"default_layout","colormag_page_sidebar_layout":"default_layout","footnotes":""},"categories":[1],"tags":[],"class_list":["post-74491","post","type-post","status-publish","format-standard","has-post-thumbnail","hentry","category-destacadas"],"acf":[],"_links":{"self":[{"href":"https:\/\/vocesparalelas.com.ar\/sitio\/wp-json\/wp\/v2\/posts\/74491","targetHints":{"allow":["GET"]}}],"collection":[{"href":"https:\/\/vocesparalelas.com.ar\/sitio\/wp-json\/wp\/v2\/posts"}],"about":[{"href":"https:\/\/vocesparalelas.com.ar\/sitio\/wp-json\/wp\/v2\/types\/post"}],"author":[{"embeddable":true,"href":"https:\/\/vocesparalelas.com.ar\/sitio\/wp-json\/wp\/v2\/users\/3"}],"replies":[{"embeddable":true,"href":"https:\/\/vocesparalelas.com.ar\/sitio\/wp-json\/wp\/v2\/comments?post=74491"}],"version-history":[{"count":1,"href":"https:\/\/vocesparalelas.com.ar\/sitio\/wp-json\/wp\/v2\/posts\/74491\/revisions"}],"predecessor-version":[{"id":74494,"href":"https:\/\/vocesparalelas.com.ar\/sitio\/wp-json\/wp\/v2\/posts\/74491\/revisions\/74494"}],"wp:featuredmedia":[{"embeddable":true,"href":"https:\/\/vocesparalelas.com.ar\/sitio\/wp-json\/wp\/v2\/media\/66841"}],"wp:attachment":[{"href":"https:\/\/vocesparalelas.com.ar\/sitio\/wp-json\/wp\/v2\/media?parent=74491"}],"wp:term":[{"taxonomy":"category","embeddable":true,"href":"https:\/\/vocesparalelas.com.ar\/sitio\/wp-json\/wp\/v2\/categories?post=74491"},{"taxonomy":"post_tag","embeddable":true,"href":"https:\/\/vocesparalelas.com.ar\/sitio\/wp-json\/wp\/v2\/tags?post=74491"}],"curies":[{"name":"wp","href":"https:\/\/api.w.org\/{rel}","templated":true}]}}